{"id":250294,"date":"2025-11-05T14:33:40","date_gmt":"2025-11-05T13:33:40","guid":{"rendered":"https:\/\/smago.de\/ws2\/?p=250294"},"modified":"2025-11-05T15:49:21","modified_gmt":"2025-11-05T14:49:21","slug":"roland-kaiser-kaisermania-2026-termine-stehen-fest","status":"publish","type":"post","link":"https:\/\/smago.de\/ws2\/schlager\/roland-kaiser-kaisermania-2026-termine-stehen-fest\/","title":{"rendered":"ROLAND KAISER <br>&#8222;Kaisermania 2026&#8220;: Termine stehen fest!"},"content":{"rendered":"<p style=\"text-align: justify;\">Der Vorverkauf startet am 11.11.2025 um 15:00 Uhr!<!--more--><\/p>\n<p>&nbsp;<\/p>\n<p>&nbsp;<\/p>\n<p>&nbsp;<\/p>\n<p style=\"text-align: justify;\">Das R\u00e4tselraten um die &#8222;Kaisermania 2026&#8220; ist beendet.<\/p>\n<p>Fakt ist: <em>&#8222;Die Kaisermania wird weitergehen&#8220;<\/em>, wie der Schlager-Kaiser h\u00f6chstselbst mitteilen l\u00e4sst.<\/p>\n<p><em>&#8222;Mit gro\u00dfer Dankbarkeit und voller Vorfreude blicke ich auf alles, was vor uns liegt. Die Resonanz, die Verbundenheit und die Begeisterung der vergangenen Jahre bedeuten mir mehr, als Worte ausdr\u00fccken k\u00f6nnen.&#8220;<\/em><\/p>\n<h4><\/h4>\n<p>&nbsp;<\/p>\n<p>&nbsp;<\/p>\n<p>&nbsp;<\/p>\n<div id=\"panel-1090-3-0-0\" class=\"so-panel widget widget_gmkheader panel-first-child\" style=\"text-align: justify;\" data-index=\"8\">\n<div class=\"panel-widget-style panel-widget-style-for-1090-3-0-0\">\n<div class=\"so-widget-gmkheader so-widget-gmkheader-default-d75171398898-1090\">\n<div class=\"doubleheader\">\n<h2>DAS PH\u00c4NOMEN &#8222;KAISERMANIA&#8220;<\/h2>\n<\/div>\n<\/div>\n<\/div>\n<\/div>\n<p>&nbsp;<\/p>\n<p>&nbsp;<\/p>\n<div id=\"panel-1090-3-0-1\" class=\"so-panel widget widget_sow-editor panel-last-child\" style=\"text-align: justify;\" data-index=\"9\">\n<div class=\"panel-widget-style panel-widget-style-for-1090-3-0-1\">\n<div class=\"so-widget-sow-editor so-widget-sow-editor-base\">\n<div class=\"siteorigin-widget-tinymce textwidget\">\n<p>Mit der KAISERMANIA wird Roland Kaiser die Stadt Dresden im Sommer 2026 erneut in den musikalischen Ausnahmezustand versetzen und am 31.07. &amp; 01.08. sowie am 07. &amp; 08.08.2026 sein grandioses Musik-Highlight f\u00fcr fast 50.000 Konzertbesucher auf dem Gel\u00e4nde der Filmn\u00e4chte am Elbufer pr\u00e4sentieren. Gleichzeitig werden sich wieder tausende Zaung\u00e4ste auf den angrenzenden Elbwiesen rund um das Gel\u00e4nde der Filmn\u00e4chte tummeln.<\/p>\n<p>Rundum bietet Dresden erneut eine erstklassige B\u00fchne f\u00fcr eine der pr\u00e4gendsten Stimmen der deutschen Musiklandschaft. Roland Kaiser setzt mit der KAISERMANIA in der Elbmetropole Ma\u00dfst\u00e4be in Sachen Live-Entertainment, Konzertstimmung und kultureller Vielfalt.<\/p>\n<p>Die KAISERMANIA, mittlerweile ein fest verankerter Termin im Terminkalender des K\u00fcnstlers und seiner Live-Band sowie bei allen Fans, verbindet Generationen. Die unverwechselbare Mischung aus mitrei\u00dfender Energie Roland Kaisers, seinen gro\u00dfen Hits und die leidenschaftliche Live-Performance seiner zeitlosen Klassiker, modern interpretiert und neu arrangiert, vor der Kulisse der Altstadt Dresdens, macht diese Konzertreihe so legend\u00e4r.<\/p>\n<p>Roland Kaiser geh\u00f6rt genre\u00fcbergreifend zu den erfolgreichsten K\u00fcnstlern Deutschlands. Kaisers Konzerte zeichnen sich durch starke B\u00fchnenpr\u00e4senz, emotionsgeladene Momente und eine enge Bindung zum Publikum aus. In Kombination mit einer hochwertigen, modern inszenierten Licht- und B\u00fchnenshow wird jedes Konzert des Musikers zu einem unvergesslichen Live-Erlebnis \u2013 wie seine stetig wachsende Fangemeinde immer wieder beweist.<\/p>\n<\/div>\n<\/div>\n<\/div>\n<\/div>\n<p style=\"text-align: justify;\">Der Ticket-Vorverkauf f\u00fcr das weit \u00fcber die Grenzen Deutschlands hinaus bekannte Kultevent startet am <b>11.11.2025 ab 15:00 Uhr exklusiv \u00fcber <a href=\"http:\/\/www.eventim.de\/\">www.eventim.de<\/a><\/b>. Die Anzahl der Tickets wird auf 4 pro K\u00e4ufer und Termin begrenzt, um es Zweitmarktanbietern und anderen unseri\u00f6sen Wiederverk\u00e4ufern so schwer wie m\u00f6glich zu machen.<\/p>\n<p>&nbsp;<\/p>\n<p>&nbsp;<\/p>\n<p>&nbsp;<\/p>\n<p style=\"text-align: justify;\"><strong>ANREISE-INFORMATIONEN<\/strong><\/p>\n<div id=\"pgc-w6866722b07016-0-0\" class=\"panel-grid-cell\" style=\"text-align: justify;\">\n<div id=\"panel-w6866722b07016-0-0-0\" class=\"so-panel widget widget_sow-editor panel-first-child panel-last-child\" data-index=\"0\">\n<div class=\"so-widget-sow-editor so-widget-sow-editor-base\">\n<div class=\"siteorigin-widget-tinymce textwidget\">\n<p>&nbsp;<\/p>\n<p>&nbsp;<\/p>\n<p><strong>Fu\u00dfweg\/ Fahrrad<\/strong><\/p>\n<p>Das Gel\u00e4nde der Filmn\u00e4chte am Elbufer befindet sich zwischen der Carola- und der Augustusbr\u00fccke auf der Neust\u00e4dter Seite unterhalb des Finanzministeriums am Dresdner K\u00f6nigsufer. Durch die Bauarbeiten an der Carolabr\u00fccke ist eine Anfahrt zum Gel\u00e4nde von der Altstadt aus nur \u00fcber die Augustusbr\u00fccke m\u00f6glich.<\/p>\n<p>&nbsp;<\/p>\n<p>&nbsp;<\/p>\n<p>&nbsp;<\/p>\n<p><strong>Mit dem \u00d6PNV<br \/>\n<\/strong><\/p>\n<p>Vom Neust\u00e4dter Bahnhof oder vom Hauptbahnhof f\u00e4hrt man mit der Stra\u00dfenbahnlinie 3 bis zur Haltestelle Carolaplatz. Von dort aus l\u00e4uft man in Richtung Carolabr\u00fccke und geht an dieser vorbei hinunter zur Elbe und zum Gel\u00e4nde der Filmn\u00e4chte am Elbufer. Zum Carolaplatz kommt man au\u00dferdem mit den Stra\u00dfenbahnlinien 7 und 8. Die ebenfalls nur wenige Meter vom Gel\u00e4nde der Filmn\u00e4chte am Elbufer gelegene Haltestelle \u201eNeust\u00e4dter Markt\u201c erreicht man mit der Stra\u00dfenbahnlinien 4 und 9.<\/p>\n<p>&nbsp;<\/p>\n<p>Hier geht&#8217;s <a href=\"https:\/\/www.dvb.de\/de-de\/fahrplan\/verbindungsauskunft\/\" target=\"_blank\" rel=\"noopener\">zur Verbindungsauskunft<\/a><\/p>\n<\/div>\n<\/div>\n<\/div>\n<\/div>\n<div id=\"pgc-w6866722b07016-0-1\" class=\"panel-grid-cell\" style=\"text-align: justify;\">\n<div id=\"panel-w6866722b07016-0-1-0\" class=\"so-panel widget widget_sow-editor panel-first-child panel-last-child\" data-index=\"1\">\n<div class=\"so-widget-sow-editor so-widget-sow-editor-base\">\n<div class=\"siteorigin-widget-tinymce textwidget\">\n<p>&nbsp;<\/p>\n<p>&nbsp;<\/p>\n<p>&nbsp;<\/p>\n<p><strong>Mit dem Auto \u2013 Abfahrt Dresden-Hellerau<\/strong><\/p>\n<p>Folgen Sie der Hansastra\u00dfe bis zum Neust\u00e4dter Bahnhof. An diesem fahren Sie vorbei und folgen geradeaus der Hainstra\u00dfe. Nach ca. 500 m sto\u00dfen Sie auf die Gro\u00dfe Mei\u00dfner Stra\u00dfe. Dann halten Sie sich links und fahren an den beiden folgenden Br\u00fccken, Augustusbr\u00fccke und Carolabr\u00fccke, vorbei bis zum Parkplatz (Wigardstra\u00dfe). Dieser befindet sich ca. 200 m nach der Carolabr\u00fccke auf der rechten Stra\u00dfenseite. Das Filmn\u00e4chte Gel\u00e4nde liegt zwischen den beiden Br\u00fccken.<\/p>\n<p>&nbsp;<\/p>\n<p>&nbsp;<\/p>\n<p>&nbsp;<\/p>\n<p><strong>Mit dem Auto \u2013 Abfahrt Dresden-Altstadt<br \/>\n<\/strong><\/p>\n<p>Sie folgen der B6 \u00fcber die Mei\u00dfner Landstra\u00dfe, die Hamburger und die Bremer Stra\u00dfe in Richtung Stadtzentrum. Unter der Eisenbahnbr\u00fccke fahren Sie hindurch, nehmen die Ostra-Allee und fahren am Zwinger vorbei nach links in Richtung Schlossplatz. Anschlie\u00dfend \u00fcberqueren Sie die Augustusbr\u00fccke, biegen nach rechts ab. Das Filmn\u00e4chte Gel\u00e4nde befindet sich rechterhand, wenn Sie die Br\u00fccke \u00fcberquert haben.<\/p>\n<\/div>\n<\/div>\n<\/div>\n<\/div>\n<div id=\"pgc-w6866722b07016-0-2\" class=\"panel-grid-cell\" style=\"text-align: justify;\">\n<div id=\"panel-w6866722b07016-0-2-0\" class=\"so-panel widget widget_sow-editor panel-first-child\" data-index=\"2\">\n<div class=\"panel-widget-style panel-widget-style-for-w6866722b07016-0-2-0\">\n<div class=\"so-widget-sow-editor so-widget-sow-editor-base\">\n<div class=\"siteorigin-widget-tinymce textwidget\">\n<p>&nbsp;<\/p>\n<p>&nbsp;<\/p>\n<p>&nbsp;<\/p>\n<p><strong>Parkm\u00f6glichkeiten<br \/>\n<\/strong><\/p>\n<p>Wir m\u00f6chten dich darauf hinweisen, dass aufgrund der eingeschr\u00e4nkten Parkplatzm\u00f6glichkeiten die Anreise mit dem PKW nur bedingt zu empfehlen ist. Empfohlene Parkpl\u00e4tze (Anzahl limitiert): Wigardstra\u00dfe, Theresienstra\u00dfe, Schie\u00dfgasse, Sarrasanistra\u00dfe<\/p>\n<p>&nbsp;<\/p>\n<p>&nbsp;<\/p>\n<p>&nbsp;<\/p>\n<p><strong><b>Behindertenparkpl\u00e4tze<br \/>\n<\/b><\/strong><\/p>\n<p>F\u00fcr Menschen mit k\u00f6rperlicher Beeintr\u00e4chtigung sind zwanzig Parkpl\u00e4tze auf dem Parkbereich des Finanzministeriums reserviert. Der behindertengerechte Eingang befindet sich in der Wiesentorstra\u00dfe, direkt gegen\u00fcber dem Parkplatz.<\/p>\n<p>&nbsp;<\/p>\n<p>&nbsp;<\/p>\n<p>Ein Einlass an der Carolabr\u00fccke ist leider nicht mehr m\u00f6glich, daher nutzt gerne den Eingang Wiesentorstra\u00dfe.<\/p>\n<p>Bitte beachtet zudem die gesonderten Hinweise zum Erwerb der Tickets unter dem Punkt\u00a0<a href=\"https:\/\/kaiser-mania.de\/#faq\">FAQ\u2019s<\/a>.<\/p>\n<p>&nbsp;<\/p>\n<\/div>\n<\/div>\n<\/div>\n<\/div>\n<\/div>\n<p style=\"text-align: justify;\"><img decoding=\"async\" loading=\"lazy\" class=\"alignnone size-large wp-image-250296\" src=\"https:\/\/smago.de\/ws2\/wp-content\/uploads\/2025\/11\/RK_Kaisermania26-800x211.jpg\" alt=\"\" width=\"800\" height=\"211\" srcset=\"https:\/\/smago.de\/ws2\/wp-content\/uploads\/2025\/11\/RK_Kaisermania26-800x211.jpg 800w, https:\/\/smago.de\/ws2\/wp-content\/uploads\/2025\/11\/RK_Kaisermania26-522x138.jpg 522w, https:\/\/smago.de\/ws2\/wp-content\/uploads\/2025\/11\/RK_Kaisermania26-292x77.jpg 292w, https:\/\/smago.de\/ws2\/wp-content\/uploads\/2025\/11\/RK_Kaisermania26-768x203.jpg 768w, https:\/\/smago.de\/ws2\/wp-content\/uploads\/2025\/11\/RK_Kaisermania26-1536x406.jpg 1536w, https:\/\/smago.de\/ws2\/wp-content\/uploads\/2025\/11\/RK_Kaisermania26-2048x541.jpg 2048w, https:\/\/smago.de\/ws2\/wp-content\/uploads\/2025\/11\/RK_Kaisermania26-392x104.jpg 392w, https:\/\/smago.de\/ws2\/wp-content\/uploads\/2025\/11\/RK_Kaisermania26-130x34.jpg 130w, https:\/\/smago.de\/ws2\/wp-content\/uploads\/2025\/11\/RK_Kaisermania26-870x230.jpg 870w, https:\/\/smago.de\/ws2\/wp-content\/uploads\/2025\/11\/RK_Kaisermania26-435x115.jpg 435w\" sizes=\"(max-width: 800px) 100vw, 800px\" \/><\/p>\n<p>&nbsp;<\/p>\n<p>&nbsp;<\/p>\n<p><img decoding=\"async\" loading=\"lazy\" class=\"alignnone size-large wp-image-250312\" src=\"https:\/\/smago.de\/ws2\/wp-content\/uploads\/2025\/11\/RK_VVK2-1-800x346.jpeg\" alt=\"\" width=\"800\" height=\"346\" srcset=\"https:\/\/smago.de\/ws2\/wp-content\/uploads\/2025\/11\/RK_VVK2-1-800x346.jpeg 800w, https:\/\/smago.de\/ws2\/wp-content\/uploads\/2025\/11\/RK_VVK2-1-522x226.jpeg 522w, https:\/\/smago.de\/ws2\/wp-content\/uploads\/2025\/11\/RK_VVK2-1-292x126.jpeg 292w, https:\/\/smago.de\/ws2\/wp-content\/uploads\/2025\/11\/RK_VVK2-1-768x332.jpeg 768w, https:\/\/smago.de\/ws2\/wp-content\/uploads\/2025\/11\/RK_VVK2-1-392x169.jpeg 392w, https:\/\/smago.de\/ws2\/wp-content\/uploads\/2025\/11\/RK_VVK2-1-130x56.jpeg 130w, https:\/\/smago.de\/ws2\/wp-content\/uploads\/2025\/11\/RK_VVK2-1-870x376.jpeg 870w, https:\/\/smago.de\/ws2\/wp-content\/uploads\/2025\/11\/RK_VVK2-1-435x188.jpeg 435w, https:\/\/smago.de\/ws2\/wp-content\/uploads\/2025\/11\/RK_VVK2-1.jpeg 1064w\" sizes=\"(max-width: 800px) 100vw, 800px\" \/><\/p>\n","protected":false},"excerpt":{"rendered":"<p>Der Vorverkauf startet am 11.11.2025 um 15:00 Uhr!<\/p>\n","protected":false},"author":2,"featured_media":212487,"comment_status":"open","ping_status":"closed","sticky":false,"template":"","format":"standard","meta":{"_FSMCFIC_featured_image_caption":"","_FSMCFIC_featured_image_nocaption":"","_FSMCFIC_featured_image_hide":""},"categories":[29,39],"tags":[207],"acf":[],"_links":{"self":[{"href":"https:\/\/smago.de\/ws2\/wp-json\/wp\/v2\/posts\/250294"}],"collection":[{"href":"https:\/\/smago.de\/ws2\/wp-json\/wp\/v2\/posts"}],"about":[{"href":"https:\/\/smago.de\/ws2\/wp-json\/wp\/v2\/types\/post"}],"author":[{"embeddable":true,"href":"https:\/\/smago.de\/ws2\/wp-json\/wp\/v2\/users\/2"}],"replies":[{"embeddable":true,"href":"https:\/\/smago.de\/ws2\/wp-json\/wp\/v2\/comments?post=250294"}],"version-history":[{"count":5,"href":"https:\/\/smago.de\/ws2\/wp-json\/wp\/v2\/posts\/250294\/revisions"}],"predecessor-version":[{"id":250313,"href":"https:\/\/smago.de\/ws2\/wp-json\/wp\/v2\/posts\/250294\/revisions\/250313"}],"wp:featuredmedia":[{"embeddable":true,"href":"https:\/\/smago.de\/ws2\/wp-json\/wp\/v2\/media\/212487"}],"wp:attachment":[{"href":"https:\/\/smago.de\/ws2\/wp-json\/wp\/v2\/media?parent=250294"}],"wp:term":[{"taxonomy":"category","embeddable":true,"href":"https:\/\/smago.de\/ws2\/wp-json\/wp\/v2\/categories?post=250294"},{"taxonomy":"post_tag","embeddable":true,"href":"https:\/\/smago.de\/ws2\/wp-json\/wp\/v2\/tags?post=250294"}],"curies":[{"name":"wp","href":"https:\/\/api.w.org\/{rel}","templated":true}]}}