{"id":250287,"date":"2025-11-05T12:35:33","date_gmt":"2025-11-05T11:35:33","guid":{"rendered":"https:\/\/smago.de\/ws2\/?p=250287"},"modified":"2025-11-05T12:35:33","modified_gmt":"2025-11-05T11:35:33","slug":"nockis-vorverkauf-nockisfest-startet-infos-zum-programm-tickets-und-mehr","status":"publish","type":"post","link":"https:\/\/smago.de\/ws2\/schlager\/nockis-vorverkauf-nockisfest-startet-infos-zum-programm-tickets-und-mehr\/","title":{"rendered":"NOCKIS <br>Vorverkauf &#8222;Nockisfest&#8220; startet  Infos \u2013 zum Programm, Tickets und mehr!"},"content":{"rendered":"<p>Unter anderem wird Showlegende mit dabei sein, aber auch DIE RODENSTEINER werden den Nockis ihre Aufwartung machen!<br \/>\n<!--more--><\/p>\n<p>&nbsp;<\/p>\n<p>&nbsp;<\/p>\n<p style=\"text-align: justify;\">\n<p class=\"p2\" style=\"text-align: justify;\"><b>NOCKISFEST 18.\u201320. September 2026 \u2013 Millstatt \/ K\u00e4rnten Vorverkaufsstart am Dienstag, 5. November 2026, ab 10:00 Uhr! <\/b><strong><a href=\"http:\/\/www.nockis.at\">www.nockis.at<\/a><\/strong> | <strong><a href=\"http:\/\/www.oeticket.com\">www.oeticket.com<\/a><\/strong> An sofort startet der Vorverkauf zum traditionellen NOCKISFEST, das von 18. bis 20. September 2026 wieder in der Heimat der Nockis \u2013 in Millstatt am See (K\u00e4rnten) \u2013 stattfindet. Die musikalischen G\u00e4ste, die neben den NOCKIS auf der B\u00fchne stehen werden, sorgen schon jetzt f\u00fcr gro\u00dfe Vorfreude: <b>Freitag, 18. September 2026: <\/b>Mit dabei sind Schlager-Shootingstar <b>Natalie Holzner<\/b>, die volkst\u00fcmlichen Senkrechtstarter <b>Brennholz <\/b>aus Tirol sowie Showlegende <b>Roberto Blanco<\/b>! Aufgrund des gro\u00dfen Erfolges wird es auch 2026 wieder die beliebte <b>\u201eNacht der Legenden<\/b>\u201c geben. Stars, die man schon l\u00e4nger nicht mehr live erlebt hat, teilen sich gemeinsam mit den NOCKIS die B\u00fchne \u2013 es wird sensationell, so viel darf schon verraten werden! In den kommenden Wochen werden wir nach und nach die Namen bekanntgeben und somit das Geheimnis l\u00fcften! Seid gespannt!<\/p>\n<p class=\"p3\" style=\"text-align: justify;\">Aufgrund der gro\u00dfen Nachfrage wird es auch diesmal wieder UND NUR AM FREITAG die beliebte Kategorie geben: <b>\u201eSchifffahrt + Eintrittskarte Kat. C + Meet &amp; Greet mit Friedl und Wilfried am Schiff\u201c, <\/b>erm\u00f6glicht durch die Unterst\u00fctzung des Tourismusverbands Millstatt am See.<\/p>\n<p class=\"p3\" style=\"text-align: justify;\">Hinweis: Nutzen Sie die M\u00f6glichkeit der <b>kostenlosen Anreise mit den &#8222;\u00d6ffis&#8220; <\/b>(aufgrund der Mobilit\u00e4tswoche -Infos unter <strong><a href=\"http:\/\/www.nockis.at\"><span class=\"s2\">www.nockis.at<\/span><\/a><\/strong>)<\/p>\n<p class=\"p2\" style=\"text-align: justify;\"><b>Samstag, 19. September 2026: <\/b>Das Fest geht weiter mit <b>Hannah<\/b>, <b>Marc Pircher <\/b>und dem deutschen Schlagerduo <b>Die Rodensteiner<\/b>, die aktuell zu den gro\u00dfen Shooting Stars der deutschen Schlagerszene z\u00e4hlen. Durch das Programm f\u00fchrt an beiden Tagen ORF- und MUSI-Moderator <b>Marco Ventre, <\/b>und die <b>NOCKIS <\/b>spielen Freitag und Samstag jeweils ein volles Konzert. <b>Sonntag, 20. September 2026: <\/b>Traditioneller Fr\u00fchschoppen, moderiert von <b>Daniel D\u00fcsenflitz<\/b>.<\/p>\n<p class=\"p2\" style=\"text-align: justify;\"><b>Karten <\/b><strong><a href=\"https:\/\/www.nockis.at\/\"><span class=\"s2\">www.nockis.at <\/span><\/a><\/strong>| <strong><a href=\"http:\/\/www.oeticket.com\"><span class=\"s2\">www.oeticket.com <\/span><\/a><\/strong><b>Info-Telefon: +43 (0)7619 2235 (Nockis Management \u2013 Viertbauer Promotion) <\/b><\/p>\n<p class=\"p2\" style=\"text-align: justify;\">Sehr beliebt ist auch die NOCKISWOCHE die f\u00fcr G\u00e4ste die eine Woche in Millstatt verbringen m\u00f6chten. Das Programm ist <strong><a href=\"https:\/\/www.nockis.at\/nockisfest-2026\/nockiswoche\/\">HIER<\/a><\/strong> zu finden.<\/p>\n","protected":false},"excerpt":{"rendered":"<p>Unter anderem wird Showlegende mit dabei sein, aber auch DIE RODENSTEINER werden den Nockis ihre Aufwartung machen!<\/p>\n","protected":false},"author":2,"featured_media":250288,"comment_status":"open","ping_status":"closed","sticky":false,"template":"","format":"standard","meta":{"_FSMCFIC_featured_image_caption":"","_FSMCFIC_featured_image_nocaption":"","_FSMCFIC_featured_image_hide":""},"categories":[29,39],"tags":[1081],"acf":[],"_links":{"self":[{"href":"https:\/\/smago.de\/ws2\/wp-json\/wp\/v2\/posts\/250287"}],"collection":[{"href":"https:\/\/smago.de\/ws2\/wp-json\/wp\/v2\/posts"}],"about":[{"href":"https:\/\/smago.de\/ws2\/wp-json\/wp\/v2\/types\/post"}],"author":[{"embeddable":true,"href":"https:\/\/smago.de\/ws2\/wp-json\/wp\/v2\/users\/2"}],"replies":[{"embeddable":true,"href":"https:\/\/smago.de\/ws2\/wp-json\/wp\/v2\/comments?post=250287"}],"version-history":[{"count":1,"href":"https:\/\/smago.de\/ws2\/wp-json\/wp\/v2\/posts\/250287\/revisions"}],"predecessor-version":[{"id":250289,"href":"https:\/\/smago.de\/ws2\/wp-json\/wp\/v2\/posts\/250287\/revisions\/250289"}],"wp:featuredmedia":[{"embeddable":true,"href":"https:\/\/smago.de\/ws2\/wp-json\/wp\/v2\/media\/250288"}],"wp:attachment":[{"href":"https:\/\/smago.de\/ws2\/wp-json\/wp\/v2\/media?parent=250287"}],"wp:term":[{"taxonomy":"category","embeddable":true,"href":"https:\/\/smago.de\/ws2\/wp-json\/wp\/v2\/categories?post=250287"},{"taxonomy":"post_tag","embeddable":true,"href":"https:\/\/smago.de\/ws2\/wp-json\/wp\/v2\/tags?post=250287"}],"curies":[{"name":"wp","href":"https:\/\/api.w.org\/{rel}","templated":true}]}}