{"id":250271,"date":"2025-11-05T00:00:54","date_gmt":"2025-11-04T23:00:54","guid":{"rendered":"https:\/\/smago.de\/ws2\/?p=250271"},"modified":"2025-11-05T14:20:31","modified_gmt":"2025-11-05T13:20:31","slug":"sassy-sassy-das-album-der-stimme-von-wilds-wossa-erscheint-am-07-11-2025","status":"publish","type":"post","link":"https:\/\/smago.de\/ws2\/top\/sassy-sassy-das-album-der-stimme-von-wilds-wossa-erscheint-am-07-11-2025\/","title":{"rendered":"SASSY <br>&#8222;Sassy&#8220;: Das Album der Stimme von &#8222;Wilds Wossa&#8220; erscheint am 07.11.2025!"},"content":{"rendered":"<p style=\"font-weight: 400;\">Zeitgleich startet auch die erste Solotournee in Eisenstadt! 22 Termine werden bis zum 19.12.2025 absolviert!<!--more--><\/p>\n<p>&nbsp;<\/p>\n<p>&nbsp;<\/p>\n<p>&nbsp;<\/p>\n<p class=\"p2\" style=\"text-align: justify;\"><b>SASSY \u2013 DIE Stimme, die Generationen bewegt. <\/b>Mit Songs wie <i>\u201e<\/i><b><i>Wilds Wossa<\/i><\/b><i>\u201c<\/i>, <i>\u201e<\/i><b><i>Sche wars, wennst do warst<\/i><\/b><i>\u201c <\/i>oder \u201e<b><i>Hoamatgf\u00fchl<\/i>\u201c <\/b>hat sie die Herzen von tausenden Menschen ber\u00fchrt \u2013 als Frontfrau der SEER, mit denen sie fast drei Jahrzehnte lang \u00f6sterreichische Musikgeschichte schrieb. Am <b>7. November 2025 <\/b>beginnt ein neues Kapitel: Sassy ver\u00f6ffentlicht ihr erstes Soloalbum mit dem bezeichnenden Titel: <i>\u201eSASSY\u201c! <\/i>Hier ist der Name Programm denn, nur wo SASSY drauf steht ist auch SASSY drinnen. Emotional, kraftvoll und mitten aus dem Leben \u2013 aus ihrem Leben! Am selben Tag, am 7.11.2025 startet auch ihre ERSTE Solo-Tour mit Live- Band und <b>22 Konzerten durch ganz \u00d6sterreich <\/b>(inkl. ein Bayern-Konzert).<\/p>\n<p class=\"p2\" style=\"text-align: justify;\">Das Album \u201eSASSY\u201c ist mehr als eine Sammlung von Liedern. Es ist ein St\u00fcck Leben \u2013 Geschichten vom Lieben, Hoffen, Verlieren, Wiederfinden, vom Tanzen und vom Mut, weiterzugehen. <b>Elf Songs, die ber\u00fchren, weil sie unverf\u00e4lscht und echt sind. <\/b>So wie SASSY selbst.<\/p>\n<p class=\"p2\" style=\"text-align: justify;\"><i>\u201e<\/i><b><i>Mama w\u00fc tanzen<\/i><\/b><i>\u201c <\/i>und <i>\u201e<\/i><b><i>Ciao Ciao<\/i><\/b><i>\u201c <\/i>waren die ersten Single-Vorboten dieses bunten Albums. Ein musikalischer Br\u00fcckenschlag zwischen Generationen. Das Lebensgef\u00fchl ihrer Jugend, produziert von einem jungen Team, gesungen mit der Erfahrung eines bewegten Lebens und ihrer einzigartigen Stimme \u2013 Ohrw\u00fcrmer, die zum Mitsingen, Nachdenken, Lachen, und Tanzen einladen.<\/p>\n<p class=\"p2\" style=\"text-align: justify;\">Mit <i>\u201e<\/i><b><i>Amoi nu<\/i><\/b><i>\u201c <\/i>beschreibt sie das Leid einer Frau, die trotz gebrochenem Herzen losl\u00e4sst, damit ER gl\u00fccklich sein kann. Autobiografisch? Mein wei\u00df es nicht so genau &#8211;<span class=\"s2\">\uf04a <\/span><\/p>\n<p class=\"p2\" style=\"text-align: justify;\">\u201e<b><i>Wenn der Winter dann vergeht<\/i>\u201c <\/b>ist SASSY pur: ehrlich, gef\u00fchlvoll, authentisch. Ein Song \u00fcber Fehler, Vergebung und die Kraft der Liebe, den sie ihrem Sohn gewidmet hat. \u2013 Worte, die schwerfallen, aber Herzen \u00f6ffnen. Musik, die bleibt \u2013 das ganze Jahr, ein ganzes Leben.<\/p>\n<p class=\"p2\" style=\"text-align: justify;\">Titel wie <i>\u201e<\/i><b><i>Wenns regnt, dann sch\u00fctts<\/i><\/b><i>\u201c<\/i>, oder \u201e<b><i>Mit dir<\/i><\/b>\u201c spannen den Bogen von Leichtigkeit und Humor bis hin zu Tiefe, Trost und ewiger Liebe. Mit <i>\u201e<\/i><b><i>Papa<\/i><\/b><i>\u201c <\/i>und <i>\u201e<\/i><b><i>Gar nix is wia immer<\/i><\/b><i>\u201c <\/i>verarbeitet sie den Tod ihres geliebten \u201eVati\u201c und schenkt uns somit nicht nur Einblicke in ihre ganz pers\u00f6nliche Gef\u00fchlswelt, sondern auch G\u00e4nsehaut-Momente voller Dankbarkeit und Erinnerungen.<\/p>\n<p class=\"p2\" style=\"text-align: justify;\">Songs wie <i>\u201e<\/i><b><i>Nu amoi brenna<\/i><\/b><i>\u201c <\/i>und <i>\u201e<\/i><b><i>Weibsbild<\/i><\/b><i>\u201c <\/i>zeigen SASSY\u2018s wilde, selbstbewusste Seite \u2013 ein Aufbruch, eine Befreiung, ein kraftvolles Statement. F\u00fcr alle Frauen, die mitten im Leben stehen und f\u00fcr die das Leben noch einiges bieten kann.<\/p>\n<p class=\"p2\" style=\"text-align: justify;\"><b>\u201eWeil i f\u00fcr di do bin\u201c <\/b>\u2013 die K\u00f6nigsdisziplin aller Lieder, eine gro\u00dfe, gef\u00fchlvolle Ballade bei der SASSY erstmals selber als Komponistin und Autorin verantwortlich ist . Man kann hier durchaus von einem Markenzeichen von SASSY sprechen, denn mit ihrer unverwechselbaren Stimme und dem innigen Gef\u00fchl, das sie bei diesem Song zum Ausdruck bringt unterstreicht sie den tiefgr\u00fcndigen Text, wenn man bedingungslos jemand an seiner Seite hat, in jeder Lebenslage.<\/p>\n<p class=\"p1\" style=\"text-align: justify;\">F\u00fcr alle SEER-Fans, die diese unverwechselbare Stimme seit Jahren begleitet: SASSY bleibt die, die sie immer war. Echt. Unverf\u00e4lscht. Einf\u00fchlsam. Sie bringt in ihrer Solokarriere all das mit, was die Menschen seit Jahrzehnten lieben \u2013 und doch ist <i>\u201e<\/i>SASSY<i>\u201c <\/i>mehr als eine Fortsetzung &#8211; das ist ihr eigenes, gro\u00dfes Versprechen!<\/p>\n<p class=\"p1\" style=\"text-align: justify;\"><b>Am 7. November beginnt die Reise. Ein Deb\u00fct, auf das sich SASSY mit gro\u00dfer Demut und Dankbarkeit freut. Eine Tour, die G\u00e4nsehaut garantiert. Und eine Stimme, die bleibt \u2013 f\u00fcr immer. <\/b><span class=\"s1\"><b>Denn wer SASSY kennt, wei\u00df: Herzlich lachen und ger\u00fchrt sein liegen bei ihr oft nur einen Song auseinander. <\/b><\/span><\/p>\n<p>&nbsp;<\/p>\n<p>&nbsp;<\/p>\n<p class=\"p1\"><b>Infos und Tickets unter <\/b><strong><a href=\"http:\/\/www.sassy.at\"><span class=\"s2\">www.sassy.at<\/span><\/a><\/strong>!<\/p>\n<p>&nbsp;<\/p>\n<p>&nbsp;<\/p>\n<p>&nbsp;<\/p>\n<p><strong>TERMINE<\/strong><\/p>\n<p>&nbsp;<\/p>\n<p>&nbsp;<\/p>\n<p class=\"p1\">07. Nov. 2025 A-7000 Eisenstadt Kultur- u. Kongressz.<\/p>\n<p class=\"p1\">08. Nov. 2025 A-1110 Wien Portofino<\/p>\n<p class=\"p1\">09. Nov. 2025 A-6410 Telfs Rathaussaal<\/p>\n<p class=\"p1\">12. Nov. 2025 A-9920 Silian Kultursaal<\/p>\n<p class=\"p1\">13. Nov. 2025 A-6850 Dornbirn Wirtschaft<\/p>\n<p class=\"p1\">14. Nov. 2025 A-6330 Kufstein Stadtsaal<\/p>\n<p class=\"p1\">15. Nov. 2025 A-8502 Lannach Steinhalle<\/p>\n<p class=\"p1\">19. Nov. 2025 A-2130 Mistelbach Stadtsaal<\/p>\n<p class=\"p1\">20. Nov. 2025 A-3200 Ober-Grafendorf Pielachtalhalle<\/p>\n<p class=\"p1\">21. Nov. 2025 A-4300 St. Valentin Valentinum<\/p>\n<p class=\"p1\">22. Nov. 2025 A-8700 Leoben Congress<\/p>\n<p class=\"p1\">26. Nov. 2025 A-4540 Bad Hall Stadttheater<\/p>\n<p class=\"p1\">27. Nov. 2025 A-8200 Gleisdorf Forum Kloster<\/p>\n<p class=\"p1\">28. Nov. 2025 A-7432 Obersch\u00fctzen KUZ<\/p>\n<p class=\"p1\">30. Nov. 2025 D-93413 Cham Stadthalle<\/p>\n<p class=\"p1\">04. Dez. 2025 A-2560 Berndorf Stadttheater<\/p>\n<p class=\"p1\">06. Dez. 2025 A-2020 Hollabrunn Stadtsaal<\/p>\n<p class=\"p1\">07. Dez. 2025 A-9020 Klagenfurt Kongresshaus<\/p>\n<p class=\"p1\">13. Dez. 2025 A-5760 Saalfelden Congress<\/p>\n<p class=\"p1\">14. Dez. 2025 A-4910 Ried i.I. O\u00d6V Saal Ried<\/p>\n<p class=\"p1\">18. Dez. 2025 A-4820 Bad Ischl Theaterhaus<\/p>\n<p class=\"p1\">19. Dez. 2025 A-5020 Salzburg Szene<\/p>\n<p>31. Jan. 2026 D-80339 M\u00fcnchen, Alte Kongresshalle<\/p>\n","protected":false},"excerpt":{"rendered":"<p>Zeitgleich startet auch die erste Solotournee in Eisenstadt! 22 Termine werden bis zum 19.12.2025 absolviert!<\/p>\n","protected":false},"author":2,"featured_media":250272,"comment_status":"open","ping_status":"closed","sticky":false,"template":"","format":"standard","meta":{"_FSMCFIC_featured_image_caption":"","_FSMCFIC_featured_image_nocaption":"","_FSMCFIC_featured_image_hide":""},"categories":[3537,39],"tags":[4790],"acf":[],"_links":{"self":[{"href":"https:\/\/smago.de\/ws2\/wp-json\/wp\/v2\/posts\/250271"}],"collection":[{"href":"https:\/\/smago.de\/ws2\/wp-json\/wp\/v2\/posts"}],"about":[{"href":"https:\/\/smago.de\/ws2\/wp-json\/wp\/v2\/types\/post"}],"author":[{"embeddable":true,"href":"https:\/\/smago.de\/ws2\/wp-json\/wp\/v2\/users\/2"}],"replies":[{"embeddable":true,"href":"https:\/\/smago.de\/ws2\/wp-json\/wp\/v2\/comments?post=250271"}],"version-history":[{"count":5,"href":"https:\/\/smago.de\/ws2\/wp-json\/wp\/v2\/posts\/250271\/revisions"}],"predecessor-version":[{"id":250291,"href":"https:\/\/smago.de\/ws2\/wp-json\/wp\/v2\/posts\/250271\/revisions\/250291"}],"wp:featuredmedia":[{"embeddable":true,"href":"https:\/\/smago.de\/ws2\/wp-json\/wp\/v2\/media\/250272"}],"wp:attachment":[{"href":"https:\/\/smago.de\/ws2\/wp-json\/wp\/v2\/media?parent=250271"}],"wp:term":[{"taxonomy":"category","embeddable":true,"href":"https:\/\/smago.de\/ws2\/wp-json\/wp\/v2\/categories?post=250271"},{"taxonomy":"post_tag","embeddable":true,"href":"https:\/\/smago.de\/ws2\/wp-json\/wp\/v2\/tags?post=250271"}],"curies":[{"name":"wp","href":"https:\/\/api.w.org\/{rel}","templated":true}]}}