{"id":250236,"date":"2025-11-04T00:00:55","date_gmt":"2025-11-03T23:00:55","guid":{"rendered":"https:\/\/smago.de\/ws2\/?p=250236"},"modified":"2025-11-03T22:43:43","modified_gmt":"2025-11-03T21:43:43","slug":"jasmin-egger-lustig-liebevoll-und-charmant-ihr-song-christkind-oder-weihnachtsmann","status":"publish","type":"post","link":"https:\/\/smago.de\/ws2\/schlager\/jasmin-egger-lustig-liebevoll-und-charmant-ihr-song-christkind-oder-weihnachtsmann\/","title":{"rendered":"JASMIN EGGER <br>Lustig, liebevoll und charmant: ihr Song &#8222;Christkind oder Weihnachtsmann&#8220;!"},"content":{"rendered":"<p>Jasmin ist in der sch\u00f6nen Obersteiermark aufgewachsen!<!--more--><\/p>\n<p>&nbsp;<\/p>\n<p style=\"text-align: justify;\">\n<p style=\"text-align: justify;\">JASMIN EGGER besch\u00e4ftigt in der &#8222;Vorweihnachtszeit&#8220; nur eine Frage: &#8222;Christkind oder Weihnachtsmann&#8220;.<\/p>\n<p style=\"text-align: justify;\">In jedem Fall besingt sie die zwei liebsten Weihnachtsfiguren beim Geschenke bringen.<\/p>\n<p style=\"text-align: justify;\">Ein lustiger, liebevoller und charmanter Vergleich zwischen Christkind und Weihnachtsmann \u2013 doch wer rockt es unterm Weihnachtsbaum?<\/p>\n<p style=\"text-align: justify;\">\n<p>&nbsp;<\/p>\n<p>***<\/p>\n<p>&nbsp;<\/p>\n<p style=\"text-align: justify;\">Jasmin Egger, 34 Jahre jung, ist in der sch\u00f6nen Obersteiermark aufgewachsen. Schon als ,,klanes Madl\u201c hat sie sich f\u00fcr die Musikwelt begeistert und diese Liebe wurde im Laufe der Jahre immer gr\u00f6\u00dfer. Seit 2016 nimmt die bodenst\u00e4ndige Steirerin professionellen Gesangsunterricht. Ihre selbstgeschriebenen Songs umfassen Themen, die Ihre Pers\u00f6nlichkeit spiegeln. Au\u00dferdem besingt sie Situationen, in denen sich jeder wiederfinden kann. ,<em>,Musik ist f\u00fcr mich mehr als nur Singen. F\u00fcr mich ist es die beste M\u00f6glichkeit, meine Gef\u00fchle und Emotionen zum Ausdruck zu bringen\u201c.<\/em> Momente, die sie mit ihrem Publikum gerne und gemeinsam teilt.<\/p>\n","protected":false},"excerpt":{"rendered":"<p>Jasmin ist in der sch\u00f6nen Obersteiermark aufgewachsen!<\/p>\n","protected":false},"author":2,"featured_media":250238,"comment_status":"open","ping_status":"closed","sticky":false,"template":"","format":"standard","meta":{"_FSMCFIC_featured_image_caption":"","_FSMCFIC_featured_image_nocaption":"","_FSMCFIC_featured_image_hide":""},"categories":[29],"tags":[4789],"acf":[],"_links":{"self":[{"href":"https:\/\/smago.de\/ws2\/wp-json\/wp\/v2\/posts\/250236"}],"collection":[{"href":"https:\/\/smago.de\/ws2\/wp-json\/wp\/v2\/posts"}],"about":[{"href":"https:\/\/smago.de\/ws2\/wp-json\/wp\/v2\/types\/post"}],"author":[{"embeddable":true,"href":"https:\/\/smago.de\/ws2\/wp-json\/wp\/v2\/users\/2"}],"replies":[{"embeddable":true,"href":"https:\/\/smago.de\/ws2\/wp-json\/wp\/v2\/comments?post=250236"}],"version-history":[{"count":2,"href":"https:\/\/smago.de\/ws2\/wp-json\/wp\/v2\/posts\/250236\/revisions"}],"predecessor-version":[{"id":250240,"href":"https:\/\/smago.de\/ws2\/wp-json\/wp\/v2\/posts\/250236\/revisions\/250240"}],"wp:featuredmedia":[{"embeddable":true,"href":"https:\/\/smago.de\/ws2\/wp-json\/wp\/v2\/media\/250238"}],"wp:attachment":[{"href":"https:\/\/smago.de\/ws2\/wp-json\/wp\/v2\/media?parent=250236"}],"wp:term":[{"taxonomy":"category","embeddable":true,"href":"https:\/\/smago.de\/ws2\/wp-json\/wp\/v2\/categories?post=250236"},{"taxonomy":"post_tag","embeddable":true,"href":"https:\/\/smago.de\/ws2\/wp-json\/wp\/v2\/tags?post=250236"}],"curies":[{"name":"wp","href":"https:\/\/api.w.org\/{rel}","templated":true}]}}