{"id":250230,"date":"2025-11-04T00:00:17","date_gmt":"2025-11-03T23:00:17","guid":{"rendered":"https:\/\/smago.de\/ws2\/?p=250230"},"modified":"2025-11-03T22:32:55","modified_gmt":"2025-11-03T21:32:55","slug":"karsten-speck-mit-dem-titel-kein-weg-will-er-jungen-menschen-aus-der-depression-helfen","status":"publish","type":"post","link":"https:\/\/smago.de\/ws2\/ost-schlager\/karsten-speck-mit-dem-titel-kein-weg-will-er-jungen-menschen-aus-der-depression-helfen\/","title":{"rendered":"KARSTEN SPECK <br>Mit dem Titel &#8222;Kein Weg&#8220; will er jungen Menschen aus der Depression helfen!"},"content":{"rendered":"<p style=\"text-align: justify;\">In der MDR-Talkshow &#8222;Riverboat&#8220; sagte er &#8230;:<br \/>\n<!--more--><\/p>\n<div style=\"text-align: justify;\"><\/div>\n<div><\/div>\n<div><\/div>\n<div><\/div>\n<div style=\"text-align: justify;\">\n<p><b>Kim Fisher: Du hattest nach einer Halswirbel-Operation eine richtig schlechte Zeit &#8230;<\/b><\/p>\n<p><strong>Karsten Speck:<\/strong> Es war in der Corona-Zeit.Es war eine sehr heftige Operation, weil der gesamte Hals aufgeschnitten wird und alle Sprachorgane zur Seite geschoben werden. Als S\u00e4nger und Schauspieler ist sehr wichtig, dass genau das funktioniert. Das ging aber nicht gleich wieder und das war sehr deprimierend f\u00fcr mich. In dieser Zeit haben mir Mein Bruder, meine Lebenspartnerin Katrin und mein Sohn Konstantin sehr geholfen. Da habe ich zum ersten Mal nicht die Resillienz gehabt, die ich sonst in meinem Leben immer hatte &#8211; in den ganzen schlechten Dingen, durch die ich hindurch gegangen bin. Aber jetzt hatte ich zum ersten Mal keinen Spa\u00df mehr an meinem Beruf. Ich fand alles profan. Ich habe dann auch gesagt, ok &#8211; ich stelle mich dieser Tatsache und bin ganz bewu\u00dft in eine Klinik f\u00fcr Menschen gegangen, die mit dem Leben nicht so richtig klar kommen. Ich habe dort erst gemerkt, dass ich nicht depressiv bin, sondern ein ganz eigenes Problem f\u00fcr mich mit mir selber habe. Das hat mir sehr, sehr geholfen. Und als ich dort war, hatte ich einen Zeitungsartikel gelesen \u00fcber drei M\u00e4dchen, die sich von einer Br\u00fccke gest\u00fcrzt haben: eines aus Liebeskummer und zwei weitere aus Solidarit\u00e4t. Da reift der Gedanke in mir, dass ich f\u00fcr diese Menschen gern etwas tun m\u00f6chte. Ich wollte Musik zu diesem Thema machen und habe mich mit vielen Menschen vernetzt. Ich will Depression bei Jugendlichen bek\u00e4mpfen. Denn bei jungen Menschen ist Depression sehr gut heilbar, wenn sie fr\u00fchzeitig erkannt wird.<\/p>\n<p><b>Kim Fisher: Wie, denkst du, kannst du jungen Menschen helfen?<\/p>\n<p><\/b><strong>Karsten Speck:<\/strong> Ich habe einen Song und ein Video gemacht \u201eMein Weg&#8220;, dessen Ende sagt: Sprecht dar\u00fcber, was Euch bewegt. Holt euch Hilfe, seid euch nicht zu schade, zu sagen: Ne, ich traue mich nicht. Geht zu Freunden und Familie und seid aktiv. Das Leid ist seit heute drau\u00dfen, den Text hat mein Sohn geschrieben und das Projekt liegt mir sehr am Herzen.<\/p>\n<\/div>\n<div><\/div>\n<div><\/div>\n<div><\/div>\n<div><iframe loading=\"lazy\" src=\"\/\/www.youtube.com\/embed\/iM36k7Xyvro?list=RDiM36k7Xyvro&amp;start_radio=1\" width=\"800\" height=\"449\" allowfullscreen=\"allowfullscreen\"><\/iframe><\/div>\n<div><\/div>\n<div><\/div>\n<div><\/div>\n<div>\n<figure id=\"attachment_250232\" aria-describedby=\"caption-attachment-250232\" style=\"width: 532px\" class=\"wp-caption alignnone\"><img decoding=\"async\" loading=\"lazy\" class=\"size-large wp-image-250232\" src=\"https:\/\/smago.de\/ws2\/wp-content\/uploads\/2025\/11\/speck_FB-1-532x800.jpeg\" alt=\"\" width=\"532\" height=\"800\" srcset=\"https:\/\/smago.de\/ws2\/wp-content\/uploads\/2025\/11\/speck_FB-1-532x800.jpeg 532w, https:\/\/smago.de\/ws2\/wp-content\/uploads\/2025\/11\/speck_FB-1-347x522.jpeg 347w, https:\/\/smago.de\/ws2\/wp-content\/uploads\/2025\/11\/speck_FB-1-100x150.jpeg 100w, https:\/\/smago.de\/ws2\/wp-content\/uploads\/2025\/11\/speck_FB-1-768x1154.jpeg 768w, https:\/\/smago.de\/ws2\/wp-content\/uploads\/2025\/11\/speck_FB-1-1022x1536.jpeg 1022w, https:\/\/smago.de\/ws2\/wp-content\/uploads\/2025\/11\/speck_FB-1-181x272.jpeg 181w, https:\/\/smago.de\/ws2\/wp-content\/uploads\/2025\/11\/speck_FB-1-399x600.jpeg 399w, https:\/\/smago.de\/ws2\/wp-content\/uploads\/2025\/11\/speck_FB-1-87x130.jpeg 87w, https:\/\/smago.de\/ws2\/wp-content\/uploads\/2025\/11\/speck_FB-1-296x445.jpeg 296w, https:\/\/smago.de\/ws2\/wp-content\/uploads\/2025\/11\/speck_FB-1-126x190.jpeg 126w, https:\/\/smago.de\/ws2\/wp-content\/uploads\/2025\/11\/speck_FB-1-193x290.jpeg 193w, https:\/\/smago.de\/ws2\/wp-content\/uploads\/2025\/11\/speck_FB-1.jpeg 1363w\" sizes=\"(max-width: 532px) 100vw, 532px\" \/><figcaption id=\"caption-attachment-250232\" class=\"wp-caption-text\"><em>Foto-Credit: <strong><a href=\"https:\/\/www.facebook.com\/SpeckKarsten\/?locale=de_DE\">Facebook-Seite von Karsten Speck<\/a><\/strong><\/em><\/figcaption><\/figure>\n<\/div>\n","protected":false},"excerpt":{"rendered":"<p>In der MDR-Talkshow &#8222;Riverboat&#8220; sagte er &#8230;:<\/p>\n","protected":false},"author":2,"featured_media":250232,"comment_status":"open","ping_status":"closed","sticky":false,"template":"","format":"standard","meta":{"_FSMCFIC_featured_image_caption":"","_FSMCFIC_featured_image_nocaption":"","_FSMCFIC_featured_image_hide":""},"categories":[25],"tags":[4788],"acf":[],"_links":{"self":[{"href":"https:\/\/smago.de\/ws2\/wp-json\/wp\/v2\/posts\/250230"}],"collection":[{"href":"https:\/\/smago.de\/ws2\/wp-json\/wp\/v2\/posts"}],"about":[{"href":"https:\/\/smago.de\/ws2\/wp-json\/wp\/v2\/types\/post"}],"author":[{"embeddable":true,"href":"https:\/\/smago.de\/ws2\/wp-json\/wp\/v2\/users\/2"}],"replies":[{"embeddable":true,"href":"https:\/\/smago.de\/ws2\/wp-json\/wp\/v2\/comments?post=250230"}],"version-history":[{"count":3,"href":"https:\/\/smago.de\/ws2\/wp-json\/wp\/v2\/posts\/250230\/revisions"}],"predecessor-version":[{"id":250235,"href":"https:\/\/smago.de\/ws2\/wp-json\/wp\/v2\/posts\/250230\/revisions\/250235"}],"wp:featuredmedia":[{"embeddable":true,"href":"https:\/\/smago.de\/ws2\/wp-json\/wp\/v2\/media\/250232"}],"wp:attachment":[{"href":"https:\/\/smago.de\/ws2\/wp-json\/wp\/v2\/media?parent=250230"}],"wp:term":[{"taxonomy":"category","embeddable":true,"href":"https:\/\/smago.de\/ws2\/wp-json\/wp\/v2\/categories?post=250230"},{"taxonomy":"post_tag","embeddable":true,"href":"https:\/\/smago.de\/ws2\/wp-json\/wp\/v2\/tags?post=250230"}],"curies":[{"name":"wp","href":"https:\/\/api.w.org\/{rel}","templated":true}]}}