{"id":250221,"date":"2025-11-04T00:00:04","date_gmt":"2025-11-03T23:00:04","guid":{"rendered":"https:\/\/smago.de\/ws2\/?p=250221"},"modified":"2025-11-03T22:18:37","modified_gmt":"2025-11-03T21:18:37","slug":"rosa-weiss-debuetauftritt-am-23-05-2026-beim-pfingsfest-in-albersdorf","status":"publish","type":"post","link":"https:\/\/smago.de\/ws2\/pop-schlager\/rosa-weiss-debuetauftritt-am-23-05-2026-beim-pfingsfest-in-albersdorf\/","title":{"rendered":"ROSA WEISS <br>Deb\u00fctauftritt am 23.05.2026 beim Pfingsfest in Albersdorf!"},"content":{"rendered":"<p>Albersdorf liegt im Kreis Dithmarschen in Schleswig-Holstein!<br \/>\n<!--more--><\/p>\n<p>&nbsp;<\/p>\n<p>&nbsp;<\/p>\n<p>&nbsp;<\/p>\n<p style=\"text-align: justify;\">\n<p style=\"text-align: justify;\">Endlich darf sie es verk\u00fcnden &#8230;: ROSA WEISS feiert am Samstag, den 23.05.2026 beim Pfingstvolksfest in Albersdorf (Kreis Dithmarschen in Schleswig-Holstein) ihren Deb\u00fctauftritt.<\/p>\n<p style=\"text-align: justify;\">Rosa Weiss steht f\u00fcr modernen, vertr\u00e4umten Popschlager \u2013 echt, gef\u00fchlvoll und voller W\u00e4rme.<\/p>\n<p style=\"text-align: justify;\">In kurzer Zeit hat sie die Schlagerwelt begeistert und verzaubert \u2013 und das ganz ohne gro\u00dfe Plattenfirma im R\u00fccken.<\/p>\n<p style=\"text-align: justify;\">Als unabh\u00e4ngige S\u00e4ngerin, Songschreiberin und Label-Gr\u00fcnderin (&#8222;Rosa Weiss&#8220;) steht sie f\u00fcr Gef\u00fchl, Tiefgang und ihren eigenen, klaren Weg.<\/p>\n<p style=\"text-align: justify;\">\n<p>&nbsp;<\/p>\n<p>&nbsp;<\/p>\n<p><strong>&#x2728; Ihre Erfolge in Zahlen<\/strong><\/p>\n<p>&nbsp;<\/p>\n<p>\u201eSonnenw\u00e4rme\u201c \u2013 Platz 7 der Airplay Charts &#8222;Deutschland Konservativ Pop&#8220; (2023)<\/p>\n<p>\u201eRegenbogen\u201c \u2013 Platz 29<\/p>\n<p>\u201eSommerregen\u201c \u2013 Platz 50<\/p>\n<p>\u201eDieses Gef\u00fchl mit dir\u201c \u2013 Platz 27 (2025) &#x26a1;<br \/>\n<em>&#x1f3c6; ausgezeichnet als &#8222;Newcomerin des Monats&#8220; (&#8222;Meine Melodie&#8220;, 2024)<\/em><\/p>\n<p>&nbsp;<\/p>\n<p>&nbsp;<\/p>\n<p>&#x1f3b5; Rosa verbindet Klarheit mit Popgef\u00fchl \u2013 fern von Konventionen, mitten ins Herz.<\/p>\n<p>Ob bei BR Schlager, Radio Paloma, SWR oder MDR \u2013 Rosa Weiss ist l\u00e4ngst kein Geheimtipp mehr!<\/p>\n<p>&nbsp;<\/p>\n<p>&nbsp;<\/p>\n<p>&nbsp;<\/p>\n<p>&#x1f4c5; Samstag, 23. Mai 2026<\/p>\n<p>&#x1f4cd; Waldb\u00fchne, Pfingstvolksfest Albersdorf<\/p>\n<p>&#x1f552; Uhrzeit folgt<\/p>\n","protected":false},"excerpt":{"rendered":"<p>Albersdorf liegt im Kreis Dithmarschen in Schleswig-Holstein!<\/p>\n","protected":false},"author":2,"featured_media":250223,"comment_status":"open","ping_status":"closed","sticky":false,"template":"","format":"standard","meta":{"_FSMCFIC_featured_image_caption":"","_FSMCFIC_featured_image_nocaption":"","_FSMCFIC_featured_image_hide":""},"categories":[28],"tags":[2851],"acf":[],"_links":{"self":[{"href":"https:\/\/smago.de\/ws2\/wp-json\/wp\/v2\/posts\/250221"}],"collection":[{"href":"https:\/\/smago.de\/ws2\/wp-json\/wp\/v2\/posts"}],"about":[{"href":"https:\/\/smago.de\/ws2\/wp-json\/wp\/v2\/types\/post"}],"author":[{"embeddable":true,"href":"https:\/\/smago.de\/ws2\/wp-json\/wp\/v2\/users\/2"}],"replies":[{"embeddable":true,"href":"https:\/\/smago.de\/ws2\/wp-json\/wp\/v2\/comments?post=250221"}],"version-history":[{"count":3,"href":"https:\/\/smago.de\/ws2\/wp-json\/wp\/v2\/posts\/250221\/revisions"}],"predecessor-version":[{"id":250226,"href":"https:\/\/smago.de\/ws2\/wp-json\/wp\/v2\/posts\/250221\/revisions\/250226"}],"wp:featuredmedia":[{"embeddable":true,"href":"https:\/\/smago.de\/ws2\/wp-json\/wp\/v2\/media\/250223"}],"wp:attachment":[{"href":"https:\/\/smago.de\/ws2\/wp-json\/wp\/v2\/media?parent=250221"}],"wp:term":[{"taxonomy":"category","embeddable":true,"href":"https:\/\/smago.de\/ws2\/wp-json\/wp\/v2\/categories?post=250221"},{"taxonomy":"post_tag","embeddable":true,"href":"https:\/\/smago.de\/ws2\/wp-json\/wp\/v2\/tags?post=250221"}],"curies":[{"name":"wp","href":"https:\/\/api.w.org\/{rel}","templated":true}]}}