{"id":250207,"date":"2025-11-03T11:15:49","date_gmt":"2025-11-03T10:15:49","guid":{"rendered":"https:\/\/smago.de\/ws2\/?p=250207"},"modified":"2025-11-03T11:16:29","modified_gmt":"2025-11-03T10:16:29","slug":"ross-antony-paul-reeves-crazy-christmas-unsere-liebsten-weihnachtslieder-mit-ross-antony-und-paul-reeves-im-europa-park","status":"publish","type":"post","link":"https:\/\/smago.de\/ws2\/schlager\/ross-antony-paul-reeves-crazy-christmas-unsere-liebsten-weihnachtslieder-mit-ross-antony-und-paul-reeves-im-europa-park\/","title":{"rendered":"ROSS ANTONY \u2013 PAUL REEVES <br>\u201eCrazy Christmas \u2013 unsere liebsten Weihnachtslieder\u201c mit Ross Antony und Paul Reeves im Europa-Park!"},"content":{"rendered":"<p>Die Show ist ein Fest f\u00fcr die ganze Familie und der perfekte Start in die sch\u00f6nste Zeit des Jahres!<br \/>\n<!--more--><\/p>\n<p>&nbsp;<\/p>\n<p>&nbsp;<\/p>\n<p style=\"text-align: justify;\">Bereits zum vierten Mal pr\u00e4sentieren ROSS ANTONY und PAUL REEVES vom 19.11. &#8211; 23.11.2025 die Show &#8222;Crazy Christmas&#8220; im Globe Theater des Europa-Park.<\/p>\n<p style=\"text-align: justify;\">In diesem Jahr nehmen die beiden Publikumslieblinge mit auf eine musikalische Reise durch ihre liebsten Weihnachtslieder, mal besinnlich und ber\u00fchrend, mal herrlich verr\u00fcckt.<\/p>\n<p style=\"text-align: justify;\">Mit ihrem unverwechselbaren Charme, einer gro\u00dfen Portion Humor und gemeinsam mit dem Europa-Park Showballett entsteht eine Show, die Herzen h\u00f6her schlagen l\u00e4sst und garantiert in Weihnachtsstimmung versetzt.<\/p>\n<p style=\"text-align: justify;\">Die Show ist ein Fest f\u00fcr die ganze Familie und der perfekte Start in die sch\u00f6nste Zeit des Jahres.<\/p>\n<p>&nbsp;<\/p>\n<p>&nbsp;<\/p>\n<p>Alle Termine unter:\u00a0<a href=\"https:\/\/link.news.europapark.de\/u\/nrd.php?p=eNWzAQ2VKi_466_9298286_1_3&amp;ems_l=11346954&amp;i=1&amp;d=ODQ2NzA3MDAw%7CZU5XekFRMlZLaQ%3D%3D%7CM2ZmYjkwNjAwNmIzZDI2MDE%3D%7C&amp;_esuh=_11_9a9567f6aa13e6df52fe4710e4c5b7a8673585eac812b19576a165a637f873f7\" target=\"_blank\" rel=\"noopener\">europapark.de\/de\/events<br \/>\n<\/a><\/p>\n<p>&nbsp;<\/p>\n<p>Hotelarrangement unter:\u00a0<a href=\"https:\/\/link.news.europapark.de\/u\/nrd.php?p=eNWzAQ2VKi_466_9298286_1_5&amp;ems_l=11346954&amp;i=1&amp;d=ODQ2NzA3MDAy%7CZU5XekFRMlZLaQ%3D%3D%7CM2ZmYjkwNjAwNmIzZDI2MDE%3D%7C&amp;_esuh=_11_837533c20db56592334900da0e0a961383e6feff10dfdb6f0d97991f0f1f02d7\" target=\"_blank\" rel=\"noopener\">europapark.de\/de\/rossantony<br \/>\n<\/a><\/p>\n<p>&nbsp;<\/p>\n<p>&nbsp;<\/p>\n<figure id=\"attachment_250209\" aria-describedby=\"caption-attachment-250209\" style=\"width: 800px\" class=\"wp-caption alignnone\"><img decoding=\"async\" loading=\"lazy\" class=\"size-large wp-image-250209\" src=\"https:\/\/smago.de\/ws2\/wp-content\/uploads\/2025\/11\/md_1054927-800x533.jpg\" alt=\"\" width=\"800\" height=\"533\" srcset=\"https:\/\/smago.de\/ws2\/wp-content\/uploads\/2025\/11\/md_1054927-800x533.jpg 800w, https:\/\/smago.de\/ws2\/wp-content\/uploads\/2025\/11\/md_1054927-522x348.jpg 522w, https:\/\/smago.de\/ws2\/wp-content\/uploads\/2025\/11\/md_1054927-225x150.jpg 225w, https:\/\/smago.de\/ws2\/wp-content\/uploads\/2025\/11\/md_1054927-768x512.jpg 768w, https:\/\/smago.de\/ws2\/wp-content\/uploads\/2025\/11\/md_1054927-1536x1024.jpg 1536w, https:\/\/smago.de\/ws2\/wp-content\/uploads\/2025\/11\/md_1054927-2048x1365.jpg 2048w, https:\/\/smago.de\/ws2\/wp-content\/uploads\/2025\/11\/md_1054927-392x261.jpg 392w, https:\/\/smago.de\/ws2\/wp-content\/uploads\/2025\/11\/md_1054927-130x87.jpg 130w, https:\/\/smago.de\/ws2\/wp-content\/uploads\/2025\/11\/md_1054927-668x445.jpg 668w, https:\/\/smago.de\/ws2\/wp-content\/uploads\/2025\/11\/md_1054927-783x522.jpg 783w, https:\/\/smago.de\/ws2\/wp-content\/uploads\/2025\/11\/md_1054927-285x190.jpg 285w, https:\/\/smago.de\/ws2\/wp-content\/uploads\/2025\/11\/md_1054927-435x290.jpg 435w, https:\/\/smago.de\/ws2\/wp-content\/uploads\/2025\/11\/md_1054927-150x100.jpg 150w, https:\/\/smago.de\/ws2\/wp-content\/uploads\/2025\/11\/md_1054927-370x247.jpg 370w\" sizes=\"(max-width: 800px) 100vw, 800px\" \/><figcaption id=\"caption-attachment-250209\" class=\"wp-caption-text\"><em>Foto-Credit: Europa Park<\/em><\/figcaption><\/figure>\n","protected":false},"excerpt":{"rendered":"<p>Die Show ist ein Fest f\u00fcr die ganze Familie und der perfekte Start in die sch\u00f6nste Zeit des Jahres!<\/p>\n","protected":false},"author":2,"featured_media":250208,"comment_status":"open","ping_status":"closed","sticky":false,"template":"","format":"standard","meta":{"_FSMCFIC_featured_image_caption":"","_FSMCFIC_featured_image_nocaption":"","_FSMCFIC_featured_image_hide":""},"categories":[29],"tags":[86],"acf":[],"_links":{"self":[{"href":"https:\/\/smago.de\/ws2\/wp-json\/wp\/v2\/posts\/250207"}],"collection":[{"href":"https:\/\/smago.de\/ws2\/wp-json\/wp\/v2\/posts"}],"about":[{"href":"https:\/\/smago.de\/ws2\/wp-json\/wp\/v2\/types\/post"}],"author":[{"embeddable":true,"href":"https:\/\/smago.de\/ws2\/wp-json\/wp\/v2\/users\/2"}],"replies":[{"embeddable":true,"href":"https:\/\/smago.de\/ws2\/wp-json\/wp\/v2\/comments?post=250207"}],"version-history":[{"count":2,"href":"https:\/\/smago.de\/ws2\/wp-json\/wp\/v2\/posts\/250207\/revisions"}],"predecessor-version":[{"id":250211,"href":"https:\/\/smago.de\/ws2\/wp-json\/wp\/v2\/posts\/250207\/revisions\/250211"}],"wp:featuredmedia":[{"embeddable":true,"href":"https:\/\/smago.de\/ws2\/wp-json\/wp\/v2\/media\/250208"}],"wp:attachment":[{"href":"https:\/\/smago.de\/ws2\/wp-json\/wp\/v2\/media?parent=250207"}],"wp:term":[{"taxonomy":"category","embeddable":true,"href":"https:\/\/smago.de\/ws2\/wp-json\/wp\/v2\/categories?post=250207"},{"taxonomy":"post_tag","embeddable":true,"href":"https:\/\/smago.de\/ws2\/wp-json\/wp\/v2\/tags?post=250207"}],"curies":[{"name":"wp","href":"https:\/\/api.w.org\/{rel}","templated":true}]}}