{"id":249846,"date":"2025-10-29T00:00:52","date_gmt":"2025-10-28T23:00:52","guid":{"rendered":"https:\/\/smago.de\/ws2\/?p=249846"},"modified":"2025-10-28T16:42:57","modified_gmt":"2025-10-28T15:42:57","slug":"pauline-christian-bruhn-widerspricht-smago-bericht-zu-ihrer-version-des-evergreens-hinter-den-kulissen-von-paris","status":"publish","type":"post","link":"https:\/\/smago.de\/ws2\/schlager\/pauline-christian-bruhn-widerspricht-smago-bericht-zu-ihrer-version-des-evergreens-hinter-den-kulissen-von-paris\/","title":{"rendered":"PAULINE <br>Christian Bruhn widerspricht smago! Bericht zu IHRER Version des Evergreens &#8222;Hinter den Kulissen von Paris&#8220;!"},"content":{"rendered":"<p style=\"text-align: justify;\"><em>smago!<\/em> hatte geschrieben, dass es sich &#8222;\u2013 weitestgehend \u2013 um einen eigenst\u00e4ndigen Song handelt&#8220;! Christian Bruhn sieht das anders &#8230;:<br \/>\n<!--more--><\/p>\n<p>&nbsp;<\/p>\n<p>&nbsp;<\/p>\n<p style=\"text-align: justify;\">\nUnter der \u00dcberschrift <strong><a href=\"https:\/\/smago.de\/ws2\/pop-schlager\/pauline-pauline-landet-grossen-ueberraschungshit-mit-ihrer-adaption-des-titels-hinter-den-kulissen-von-paris-mireille-mathieu\/\">&#8222;Pauline landet gro\u00dfen \u00dcberraschungshit \u2013 mit ihrer Adaption des Titels &#8218;Hinter den Kulissen von Paris&#8216; (Mireille Mathieu)&#8220;<\/a><\/strong> hatte <strong><a href=\"http:\/\/www.smago.de\">www.smago.de<\/a><\/strong> vor einigen Tagen \u00fcber den Top 5 Erfolg der S\u00e4ngerin PAULINE in den Airplay Charts &#8222;Deutschland Konservativ Pop&#8220; berichtet und \u2013 als &#8222;bemerkenswert&#8220; angemerkt: &#8222;Obwohl es sich \u2013 weitestgehend \u2013 um einen eigenst\u00e4ndigen Song handelt, finden sich in den GEMA-Angaben ausschlie\u00dflich die Namen der Originalautoren: Christian Bruhn (Musik) und Georg Buschor (Text). Das nennen wir jetzt aber mal fair \u2026&#8220;.<\/p>\n<p>Christian Bruhn, der den Titel komponiert und \u2013 im Original \u2013 auch produziert hat, sieht das ein wenig anders. Er schreibt:<\/p>\n<p>&nbsp;<\/p>\n<p>&nbsp;<\/p>\n<div style=\"text-align: justify;\">\n<p><em><b><span style=\"color: #ff2600;\">Lieber Andy, <\/span><\/b><\/em><\/p>\n<p>&nbsp;<\/p>\n<p><em><b><span style=\"color: #ff2600;\">das ist so nicht richtig.<\/span><\/b><\/em><\/p>\n<p><em><b><span style=\"color: #ff2600;\">&#8222;Weitestgehend&#8220; herrscht doch der <u>Ur-Refrain<\/u> vor, zweimal umrahmt von einem neugeschaffenen Vers.<\/span><\/b><\/em><\/p>\n<\/div>\n<div style=\"text-align: justify;\">\n<p><em><b><span style=\"color: #ff2600;\">Eine Eigenst\u00e4ndigkeit wird in Anbetracht der durchgehenden Verwendung des Originals fraglich,\u00a0 <\/span><\/b><\/em><em><b><span style=\"color: #ff2600;\">sie wird allenfalls durch die originelle Bearbeitung erreicht.<\/span><\/b><\/em><\/p>\n<\/div>\n<div style=\"text-align: justify;\">\n<p><em><b><span style=\"color: #ff2600;\">Es handelt sich wirklich um eine ganz entz\u00fcckende Produktion, und wir freuen uns dar\u00fcber, <\/span><\/b><\/em><em><b><span style=\"color: #ff2600;\">doch wenn \u00a0JEDER \u00a0bereits bestehende Werke auf seine Art nutzen, ver\u00e4ndern und umkomponieren\u00a0 <\/span><\/b><\/em><em><b><span style=\"color: #ff2600;\">und damit eine Beteiligung erreichen \u00a0und sich sozusagen ins Copyright &#8222;reinh\u00e4ngen&#8220; k\u00f6nnte,<\/span><\/b><\/em><em><b><span style=\"color: #ff2600;\">\u00a0w\u00e4re das wohl nicht im Sinne des Urheberrechts.<\/span><\/b><\/em><\/p>\n<\/div>\n<div style=\"text-align: justify;\">\n<p>&nbsp;<\/p>\n<\/div>\n<div style=\"text-align: justify;\">\n<p><em><span style=\"color: #ff2600;\"><b>Herzliche Gr\u00fc\u00dfe<\/p>\n<p><\/b><\/span><\/em><\/p>\n<\/div>\n<div style=\"text-align: justify;\"><em><span style=\"color: #ff2600;\"><b>Christian<\/b><\/span><\/em><\/div>\n<div><\/div>\n<div style=\"text-align: justify;\"><\/div>\n<div style=\"text-align: justify;\">\n<p>Nun ist die &#8222;Hinter den Kulissen von Paris&#8220; von Pauline ganz sicher alles andere als eine reine Cover-Version, aber: Nat\u00fcrlich wollte <em>smago!<\/em> die Leistung der Original-Autoren Christian Bruhn (Komposition und Produktion) und Georg Buschor (Textdichtung) in absolut keiner Weise schm\u00e4lern.<\/p>\n<p>Dass Christian Bruhn die Neu-Interpretation seines Kult-Evergreens &#8222;Hinter den Kulissen von Paris&#8220; in der Version von Pauline als <em>&#8222;ganz entz\u00fcckende Produktion&#8220;<\/em> bezeichnet, spricht f\u00fcr wahre Gr\u00f6\u00dfe.<\/p>\n<p>Christian Bruhn hat im \u00dcbrigen sofort einer Abdruckgenehmigung seiner (privaten) Email an <em>smago!<\/em> Chefredakteur an Andy Tichler zugestimmt &#8230;<\/p>\n<\/div>\n<p>&nbsp;<\/p>\n<p><iframe loading=\"lazy\" src=\"\/\/www.youtube.com\/embed\/9_1KV2OvWkg?list=RD9_1KV2OvWkg&amp;start_radio=1\" width=\"800\" height=\"449\" allowfullscreen=\"allowfullscreen\"><\/iframe><\/p>\n","protected":false},"excerpt":{"rendered":"<p>smago! hatte geschrieben, dass es sich &#8222;\u2013 weitestgehend \u2013 um einen eigenst\u00e4ndigen Song handelt&#8220;! Christian Bruhn sieht das anders &#8230;:<\/p>\n","protected":false},"author":2,"featured_media":246918,"comment_status":"open","ping_status":"closed","sticky":false,"template":"","format":"standard","meta":{"_FSMCFIC_featured_image_caption":"","_FSMCFIC_featured_image_nocaption":"","_FSMCFIC_featured_image_hide":""},"categories":[29],"tags":[764,672,1409],"acf":[],"_links":{"self":[{"href":"https:\/\/smago.de\/ws2\/wp-json\/wp\/v2\/posts\/249846"}],"collection":[{"href":"https:\/\/smago.de\/ws2\/wp-json\/wp\/v2\/posts"}],"about":[{"href":"https:\/\/smago.de\/ws2\/wp-json\/wp\/v2\/types\/post"}],"author":[{"embeddable":true,"href":"https:\/\/smago.de\/ws2\/wp-json\/wp\/v2\/users\/2"}],"replies":[{"embeddable":true,"href":"https:\/\/smago.de\/ws2\/wp-json\/wp\/v2\/comments?post=249846"}],"version-history":[{"count":3,"href":"https:\/\/smago.de\/ws2\/wp-json\/wp\/v2\/posts\/249846\/revisions"}],"predecessor-version":[{"id":249849,"href":"https:\/\/smago.de\/ws2\/wp-json\/wp\/v2\/posts\/249846\/revisions\/249849"}],"wp:featuredmedia":[{"embeddable":true,"href":"https:\/\/smago.de\/ws2\/wp-json\/wp\/v2\/media\/246918"}],"wp:attachment":[{"href":"https:\/\/smago.de\/ws2\/wp-json\/wp\/v2\/media?parent=249846"}],"wp:term":[{"taxonomy":"category","embeddable":true,"href":"https:\/\/smago.de\/ws2\/wp-json\/wp\/v2\/categories?post=249846"},{"taxonomy":"post_tag","embeddable":true,"href":"https:\/\/smago.de\/ws2\/wp-json\/wp\/v2\/tags?post=249846"}],"curies":[{"name":"wp","href":"https:\/\/api.w.org\/{rel}","templated":true}]}}