{"id":249818,"date":"2025-10-28T13:28:57","date_gmt":"2025-10-28T12:28:57","guid":{"rendered":"https:\/\/smago.de\/ws2\/?p=249818"},"modified":"2025-10-28T13:30:25","modified_gmt":"2025-10-28T12:30:25","slug":"andy-borg-zum-65-geburtstag-von-andy-borg-florian-silbereisen-im-gespraech-mit-andy-borg","status":"publish","type":"post","link":"https:\/\/smago.de\/ws2\/schlager\/andy-borg-zum-65-geburtstag-von-andy-borg-florian-silbereisen-im-gespraech-mit-andy-borg\/","title":{"rendered":"ANDY BORG <br>Zum 65. Geburtstag (von Andy Borg): Florian Silbereisen im Gespr\u00e4ch mit Andy Borg!"},"content":{"rendered":"<p style=\"text-align: justify;\">Ein Abend unter Freunden: \u201eGl\u00fcckwunsch, Andy! &#8211; Florian Silbereisen feiert Andy Borg\u201c +++ Gemeinsamer Blick auf mehr als 40 Jahre Entertainment +++ <!--more--><\/p>\n<p>&nbsp;<\/p>\n<p>&nbsp;<\/p>\n<p style=\"text-align: justify;\">\n<div style=\"text-align: justify;\">Es ist ein ungew\u00f6hnlicher TV-Abend \u2013 mit Florian Silbereisen in einer au\u00dfergew\u00f6hnlichen Rolle: \u201eGl\u00fcckwunsch, Andy! &#8211; Florian Silbereisen feiert Andy Borg\u201c blickt auf die seit mehr als 40 Jahre andauernde Musikkarriere von Andy Borg und auf seine bald 30-j\u00e4hrige T\u00e4tigkeit als Fernsehmoderator.<\/div>\n<div><\/div>\n<div style=\"text-align: justify;\">Florian Silbereisen moderiert die zweist\u00fcndige Sendung, die aus offenen, freundschaftlichen Gespr\u00e4chen, Musik, Erinnerungen und \u00dcberraschungen besteht.<\/div>\n<div><\/div>\n<div style=\"text-align: justify;\">Mit dabei sind auch Semino Rossi, die Schweizer S\u00e4ngerin Monique sowie Ramon Roselly.<\/div>\n<div><\/div>\n<div style=\"text-align: justify;\">\u201eGl\u00fcckwunsch, Andy! &#8211; Florian Silbereisen feiert Andy Borg\u201c wird gezeigt am Samstag, 8. November 2025, 20:15 Uhr, im SWR und im MDR Fernsehen sowie in der <a href=\"https:\/\/www.ardmediathek.de\/sendung\/schlager-spass-mit-andy-borg\/Y3JpZDovL3N3ci5kZS8yMzM5NzcxNg\">ARD Mediathek<\/a>.<\/div>\n<div><\/div>\n<div style=\"text-align: justify;\">Im Anschluss, ab 22.15 Uhr, gibt es die Best-of-Ausgabe \u201eSchlager-Spa\u00df mit Andy Borg &#8211; Das Beste\u201c mit den sch\u00f6nsten Duetten von Andy Borg mit seinen G\u00e4sten.<\/div>\n<div><\/div>\n<div style=\"text-align: justify;\">ORF 2 sendet \u201eGl\u00fcckwunsch, Andy! &#8211; Florian Silbereisen feiert Andy Borg\u201c am 8. November 2025 ab 22:00 Uhr.<\/div>\n<div><\/div>\n<div><\/div>\n<div><\/div>\n<div><\/div>\n<div><\/div>\n<div><\/div>\n<div><strong>Florian Silbereisen: \u201eF\u00fcr Andy Borg werde ich zum ersten Mal zum Talkmaster\u201c<\/strong><\/div>\n<div><\/div>\n<div><\/div>\n<div>\u201eIn \u00fcber 20 Jahren durfte ich schon viele Sendungen pr\u00e4sentieren \u2013 aber so eine habe ich noch nie moderiert! Ich war schon oft in Talkshows zu Gast \u2013 aber ich war noch nie der Gastgeber. Das wird sich jetzt \u00e4ndern: Denn f\u00fcr Andy Borg werde ich zum ersten Mal zum Talkmaster! Er hat sich das gew\u00fcnscht, da konnte ich nat\u00fcrlich nicht Nein sagen. Ich bin selbst sehr gespannt auf diese ganz besondere Premiere als Talkmaster und freue mich auf diesen sehr pers\u00f6nlichen Gespr\u00e4chsabend mit und rund um Andy Borg.\u201c<\/div>\n<div><\/div>\n<div><\/div>\n<div><\/div>\n<div><\/div>\n<div><strong>Andy Borg: \u201eDie privateste Sendung, die ich je gemacht habe\u201c<\/strong><\/div>\n<div><\/div>\n<div><\/div>\n<div>\u201eEs ist die privateste Sendung, die ich je gemacht habe\u201c, sagt Andy Borg, der seit 2018 im SWR die Musik- und Unterhaltungsshow \u201eSchlager-Spa\u00df mit Andy Borg\u201c moderiert. \u201eWir plaudern \u00fcber Dinge, die ich noch nie im Fernsehen erz\u00e4hlt habe.\u201c Und weiter: \u201eIch hab fast vergessen, dass die Kameras mitlaufen. So sch\u00f6n war es, mit diesen lieben Freunden zusammenzusitzen, in Erinnerungen zu schwelgen und einfach nur aus ganzem Herzen lachen zu k\u00f6nnen.\u201c<\/div>\n<div><\/div>\n<div><\/div>\n<div><\/div>\n<div><\/div>\n<div><\/div>\n<div><strong>Momente und Begegnungen aus mehr als 40 Jahren Showgesch\u00e4ft<\/strong><\/div>\n<div><\/div>\n<div><\/div>\n<div>Florian Silbereisen und Andy Borg schauen gemeinsam auf Andys Borgs fast 45-j\u00e4hrige Karriere \u2013 von seiner Entdeckung als Schlagers\u00e4nger, seinem ersten Auftritt im \u00f6sterreichischen Fernsehen, bis zu seinen TV-Erfolgsformaten \u201eSchlagerparade der Volksmusik\u201c, \u201eMusikantenstadl\u201c und \u201eSchlager-Spa\u00df mit Andy Borg\u201c. Andy Borg erz\u00e4hlt von seinen aufregendsten, lustigsten und ber\u00fchrendsten Momenten und Begegnungen, \u00fcber sein Leben, seine Musik und seine Shows. Von Situationen, die nie geplant waren, aber unvergesslich bleiben. Zu sehen sind Bildausschnitte aus Andy Borgs Musik- und Fernsehkarriere.<\/div>\n<div><\/div>\n<div><\/div>\n<div><\/div>\n<div><\/div>\n<div>\n<p><strong>Andy Borg \u2013 Schlagers\u00e4nger und seit bald 30 Jahren Fernsehmoderator<\/strong><\/p>\n<p>&nbsp;<\/p>\n<\/div>\n<div><\/div>\n<div>Andy Borg ist einer der erfolgreichsten deutschsprachigen S\u00e4nger. Geboren wurde er am 2. November 1960 in Floridsdorf bei Wien. Als Musiker entdeckt wurde er Anfang der 1980er Jahre in einer Castingshow des \u00f6sterreichischen Fernsehens. Mit dem Schlager \u201eAdios Amor\u201c gelang ihm 1982 der Durchbruch im Schlagergesch\u00e4ft. Im kommenden Jahr feiert Andy Borg sein 30. Moderatorenjubil\u00e4um: 1996 \u00fcbernahm er f\u00fcr den damaligen S\u00fcdwestfunk (SWF) die Fernsehsendung \u201eSchlagerparade der Volksmusik\u201c, von 2006 bis 2015 moderierte er im Ersten die Eurovisions-Musikshow \u201eMusikantenstadl\u201c. Seit 2018 pr\u00e4sentiert Andy Borg f\u00fcr den SWR \u201eSchlager-Spa\u00df mit Andy Borg\u201c. Diese Sendung ist \u201edie sch\u00f6nste Zugabe meiner beruflichen Karriere\u201c, wie er sagt.<\/div>\n<div><\/div>\n<div><\/div>\n<div><\/div>\n<div><\/div>\n<div><strong>\u201eSchlager-Spa\u00df mit Andy Borg &#8211; Das Beste\u201c mit den sch\u00f6nsten Duetten<\/strong><\/div>\n<div><\/div>\n<div>\n<p>Im Anschluss an \u201eGl\u00fcckwunsch, Andy! &#8211; Florian Silbereisen feiert Andy Borg\u201c zeigen SWR und MDR ab 22:15 Uhr \u201eSchlager-Spa\u00df mit Andy Borg &#8211; Das Beste\u201c mit den sch\u00f6nsten Duetten von Andy Borg mit seinen G\u00e4sten aus dem Weinlokal \u2013 Evergreens und Auftritte, die es so noch nicht gegeben hat. Mit dabei sind VoXXclub, Mara Kayser, Kastelruther Spatzen, Olaf der Flipper, Bata Illic, Jonny Hill, Frank Sch\u00f6bel, Sigrid und Marina und viele mehr.<\/p>\n<\/div>\n<div><\/div>\n<p>&nbsp;<\/p>\n<div>\n<p><strong>Sendetermine \u201eGl\u00fcckwunsch, Andy! &#8211; Florian Silbereisen feiert Andy Borg\u201c<\/strong><\/p>\n<\/div>\n<div><\/div>\n<div><\/div>\n<div>Samstag, 8. November 2025, 20:15 Uhr, SWR und MDR sowie in der <a href=\"https:\/\/www.ardmediathek.de\/sendung\/schlager-spass-mit-andy-borg\/Y3JpZDovL3N3ci5kZS8yMzM5NzcxNg\">ARD Mediathek<\/a><\/div>\n<p>Samstag, 8. November 2025, 22:00 Uhr, ORF 2<\/p>\n<div><\/div>\n<div><\/div>\n<div><\/div>\n<div><\/div>\n<div><strong>\u201eSchlager-Spa\u00df mit Andy Borg &#8211; Das Beste\u201c<\/strong><\/div>\n<div><\/div>\n<div><\/div>\n<div>Samstag, 8. November 2025, 22:15 Uhr, SWR und MDR sowie in der <a href=\"https:\/\/www.ardmediathek.de\/sendung\/schlager-spass-mit-andy-borg\/Y3JpZDovL3N3ci5kZS8yMzM5NzcxNg\">ARD Mediathek<\/a><\/div>\n<div><\/div>\n<div><\/div>\n<div><\/div>\n<div>\n<figure id=\"attachment_249821\" aria-describedby=\"caption-attachment-249821\" style=\"width: 800px\" class=\"wp-caption alignnone\"><img decoding=\"async\" loading=\"lazy\" class=\"size-large wp-image-249821\" src=\"https:\/\/smago.de\/ws2\/wp-content\/uploads\/2025\/10\/9_Glueckwunsch_Andy_2025-800x528.jpg\" alt=\"\" width=\"800\" height=\"528\" srcset=\"https:\/\/smago.de\/ws2\/wp-content\/uploads\/2025\/10\/9_Glueckwunsch_Andy_2025-800x528.jpg 800w, https:\/\/smago.de\/ws2\/wp-content\/uploads\/2025\/10\/9_Glueckwunsch_Andy_2025-522x345.jpg 522w, https:\/\/smago.de\/ws2\/wp-content\/uploads\/2025\/10\/9_Glueckwunsch_Andy_2025-227x150.jpg 227w, https:\/\/smago.de\/ws2\/wp-content\/uploads\/2025\/10\/9_Glueckwunsch_Andy_2025-768x507.jpg 768w, https:\/\/smago.de\/ws2\/wp-content\/uploads\/2025\/10\/9_Glueckwunsch_Andy_2025-1536x1014.jpg 1536w, https:\/\/smago.de\/ws2\/wp-content\/uploads\/2025\/10\/9_Glueckwunsch_Andy_2025-2048x1352.jpg 2048w, https:\/\/smago.de\/ws2\/wp-content\/uploads\/2025\/10\/9_Glueckwunsch_Andy_2025-392x259.jpg 392w, https:\/\/smago.de\/ws2\/wp-content\/uploads\/2025\/10\/9_Glueckwunsch_Andy_2025-130x86.jpg 130w, https:\/\/smago.de\/ws2\/wp-content\/uploads\/2025\/10\/9_Glueckwunsch_Andy_2025-674x445.jpg 674w, https:\/\/smago.de\/ws2\/wp-content\/uploads\/2025\/10\/9_Glueckwunsch_Andy_2025-791x522.jpg 791w, https:\/\/smago.de\/ws2\/wp-content\/uploads\/2025\/10\/9_Glueckwunsch_Andy_2025-288x190.jpg 288w, https:\/\/smago.de\/ws2\/wp-content\/uploads\/2025\/10\/9_Glueckwunsch_Andy_2025-435x287.jpg 435w, https:\/\/smago.de\/ws2\/wp-content\/uploads\/2025\/10\/9_Glueckwunsch_Andy_2025-150x100.jpg 150w\" sizes=\"(max-width: 800px) 100vw, 800px\" \/><figcaption id=\"caption-attachment-249821\" class=\"wp-caption-text\"><em>\u00a9 SWR \/ Kerstin Joensson<\/em><\/figcaption><\/figure>\n<\/div>\n<p>&nbsp;<\/p>\n<p>&nbsp;<\/p>\n<figure id=\"attachment_249820\" aria-describedby=\"caption-attachment-249820\" style=\"width: 800px\" class=\"wp-caption alignnone\"><img decoding=\"async\" loading=\"lazy\" class=\"size-large wp-image-249820\" src=\"https:\/\/smago.de\/ws2\/wp-content\/uploads\/2025\/10\/6_Glueckwunsch_Andy_2025-800x528.jpg\" alt=\"\" width=\"800\" height=\"528\" srcset=\"https:\/\/smago.de\/ws2\/wp-content\/uploads\/2025\/10\/6_Glueckwunsch_Andy_2025-800x528.jpg 800w, https:\/\/smago.de\/ws2\/wp-content\/uploads\/2025\/10\/6_Glueckwunsch_Andy_2025-522x345.jpg 522w, https:\/\/smago.de\/ws2\/wp-content\/uploads\/2025\/10\/6_Glueckwunsch_Andy_2025-227x150.jpg 227w, https:\/\/smago.de\/ws2\/wp-content\/uploads\/2025\/10\/6_Glueckwunsch_Andy_2025-768x507.jpg 768w, https:\/\/smago.de\/ws2\/wp-content\/uploads\/2025\/10\/6_Glueckwunsch_Andy_2025-1536x1014.jpg 1536w, https:\/\/smago.de\/ws2\/wp-content\/uploads\/2025\/10\/6_Glueckwunsch_Andy_2025-2048x1352.jpg 2048w, https:\/\/smago.de\/ws2\/wp-content\/uploads\/2025\/10\/6_Glueckwunsch_Andy_2025-392x259.jpg 392w, https:\/\/smago.de\/ws2\/wp-content\/uploads\/2025\/10\/6_Glueckwunsch_Andy_2025-130x86.jpg 130w, https:\/\/smago.de\/ws2\/wp-content\/uploads\/2025\/10\/6_Glueckwunsch_Andy_2025-674x445.jpg 674w, https:\/\/smago.de\/ws2\/wp-content\/uploads\/2025\/10\/6_Glueckwunsch_Andy_2025-791x522.jpg 791w, https:\/\/smago.de\/ws2\/wp-content\/uploads\/2025\/10\/6_Glueckwunsch_Andy_2025-288x190.jpg 288w, https:\/\/smago.de\/ws2\/wp-content\/uploads\/2025\/10\/6_Glueckwunsch_Andy_2025-435x287.jpg 435w, https:\/\/smago.de\/ws2\/wp-content\/uploads\/2025\/10\/6_Glueckwunsch_Andy_2025-150x100.jpg 150w\" sizes=\"(max-width: 800px) 100vw, 800px\" \/><figcaption id=\"caption-attachment-249820\" class=\"wp-caption-text\"><em>Das Foto (\u00a9 SWR\/Kerstin Joensson) zeigt v.l.n.r.: Ramon Roselly, Andy Borg, Monique, Semino Rossi, Florian Silbereisen<\/em><\/figcaption><\/figure>\n<p>&nbsp;<\/p>\n<p>&nbsp;<\/p>\n<figure id=\"attachment_249819\" aria-describedby=\"caption-attachment-249819\" style=\"width: 800px\" class=\"wp-caption alignnone\"><img decoding=\"async\" loading=\"lazy\" class=\"size-large wp-image-249819\" src=\"https:\/\/smago.de\/ws2\/wp-content\/uploads\/2025\/10\/1_Glueckwunsch_Andy_2025-800x528.jpg\" alt=\"\" width=\"800\" height=\"528\" srcset=\"https:\/\/smago.de\/ws2\/wp-content\/uploads\/2025\/10\/1_Glueckwunsch_Andy_2025-800x528.jpg 800w, https:\/\/smago.de\/ws2\/wp-content\/uploads\/2025\/10\/1_Glueckwunsch_Andy_2025-522x345.jpg 522w, https:\/\/smago.de\/ws2\/wp-content\/uploads\/2025\/10\/1_Glueckwunsch_Andy_2025-227x150.jpg 227w, https:\/\/smago.de\/ws2\/wp-content\/uploads\/2025\/10\/1_Glueckwunsch_Andy_2025-768x507.jpg 768w, https:\/\/smago.de\/ws2\/wp-content\/uploads\/2025\/10\/1_Glueckwunsch_Andy_2025-1536x1014.jpg 1536w, https:\/\/smago.de\/ws2\/wp-content\/uploads\/2025\/10\/1_Glueckwunsch_Andy_2025-2048x1352.jpg 2048w, https:\/\/smago.de\/ws2\/wp-content\/uploads\/2025\/10\/1_Glueckwunsch_Andy_2025-392x259.jpg 392w, https:\/\/smago.de\/ws2\/wp-content\/uploads\/2025\/10\/1_Glueckwunsch_Andy_2025-130x86.jpg 130w, https:\/\/smago.de\/ws2\/wp-content\/uploads\/2025\/10\/1_Glueckwunsch_Andy_2025-674x445.jpg 674w, https:\/\/smago.de\/ws2\/wp-content\/uploads\/2025\/10\/1_Glueckwunsch_Andy_2025-791x522.jpg 791w, https:\/\/smago.de\/ws2\/wp-content\/uploads\/2025\/10\/1_Glueckwunsch_Andy_2025-288x190.jpg 288w, https:\/\/smago.de\/ws2\/wp-content\/uploads\/2025\/10\/1_Glueckwunsch_Andy_2025-435x287.jpg 435w, https:\/\/smago.de\/ws2\/wp-content\/uploads\/2025\/10\/1_Glueckwunsch_Andy_2025-150x100.jpg 150w\" sizes=\"(max-width: 800px) 100vw, 800px\" \/><figcaption id=\"caption-attachment-249819\" class=\"wp-caption-text\"><em>\u00a9 SWR \/ Kerstin Joensson<\/em><\/figcaption><\/figure>\n","protected":false},"excerpt":{"rendered":"<p>Ein Abend unter Freunden: \u201eGl\u00fcckwunsch, Andy! &#8211; Florian Silbereisen feiert Andy Borg\u201c +++ Gemeinsamer Blick auf mehr als 40 Jahre<\/p>\n","protected":false},"author":2,"featured_media":249822,"comment_status":"open","ping_status":"closed","sticky":false,"template":"","format":"standard","meta":{"_FSMCFIC_featured_image_caption":"","_FSMCFIC_featured_image_nocaption":"","_FSMCFIC_featured_image_hide":""},"categories":[29,39,128],"tags":[182,144],"acf":[],"_links":{"self":[{"href":"https:\/\/smago.de\/ws2\/wp-json\/wp\/v2\/posts\/249818"}],"collection":[{"href":"https:\/\/smago.de\/ws2\/wp-json\/wp\/v2\/posts"}],"about":[{"href":"https:\/\/smago.de\/ws2\/wp-json\/wp\/v2\/types\/post"}],"author":[{"embeddable":true,"href":"https:\/\/smago.de\/ws2\/wp-json\/wp\/v2\/users\/2"}],"replies":[{"embeddable":true,"href":"https:\/\/smago.de\/ws2\/wp-json\/wp\/v2\/comments?post=249818"}],"version-history":[{"count":3,"href":"https:\/\/smago.de\/ws2\/wp-json\/wp\/v2\/posts\/249818\/revisions"}],"predecessor-version":[{"id":249825,"href":"https:\/\/smago.de\/ws2\/wp-json\/wp\/v2\/posts\/249818\/revisions\/249825"}],"wp:featuredmedia":[{"embeddable":true,"href":"https:\/\/smago.de\/ws2\/wp-json\/wp\/v2\/media\/249822"}],"wp:attachment":[{"href":"https:\/\/smago.de\/ws2\/wp-json\/wp\/v2\/media?parent=249818"}],"wp:term":[{"taxonomy":"category","embeddable":true,"href":"https:\/\/smago.de\/ws2\/wp-json\/wp\/v2\/categories?post=249818"},{"taxonomy":"post_tag","embeddable":true,"href":"https:\/\/smago.de\/ws2\/wp-json\/wp\/v2\/tags?post=249818"}],"curies":[{"name":"wp","href":"https:\/\/api.w.org\/{rel}","templated":true}]}}