{"id":249805,"date":"2025-10-28T00:00:15","date_gmt":"2025-10-27T23:00:15","guid":{"rendered":"https:\/\/smago.de\/ws2\/?p=249805"},"modified":"2025-10-27T20:37:06","modified_gmt":"2025-10-27T19:37:06","slug":"uta-bresan-gefuehle-voraus-uta-bresan-besingt-das-kleine-cafe","status":"publish","type":"post","link":"https:\/\/smago.de\/ws2\/ost-schlager\/uta-bresan-gefuehle-voraus-uta-bresan-besingt-das-kleine-cafe\/","title":{"rendered":"UTA BRESAN <br>Gef\u00fchle voraus! Uta Bresan besingt &#8222;Das kleine Caf\u00e9&#8220;!"},"content":{"rendered":"<p style=\"text-align: justify;\">Uta nimmt uns mit an einen &#8222;<em>absoluten Wohlf\u00fchlort, an dem die Zeit ein wenig stehengeblieben ist\u201c<\/em> &#8230;:<!--more--><\/p>\n<p>&nbsp;<\/p>\n<p style=\"text-align: justify;\">\n<p style=\"text-align: justify;\">Seit \u00fcber drei\u00dfig Jahren begeistert UTA BRESAN mit ihrer sympathischen Art Millionen am Fernsehbildschirm. Am 26.09. 25 ver\u00f6ffentlichte Uta Bresan ihr neues Album \u201eGef\u00fchle voraus\u201c.<\/p>\n<p style=\"text-align: justify;\">Aus diesem abwechslungsreichen Album wird nun der Titel \u201c Das kleine Caf\u00e9\u201c der n\u00e4chste Schwerpunkt.<\/p>\n<p>Bei einer Reise nach \u00d6sterreich entstand die Idee zu \u201eDas kleine Caf\u00e9\u201c und Uta Bresan beweist einmal mehr, dass \u00fcberall und zu jeder Zeit wunderbare Titel entstehen k\u00f6nnen:<em> \u201eWir haben in Wien ein altes Kaffeehaus besucht, in dem es aussieht, wie vor 80 Jahren, als es er\u00f6\ufb00net wurde. Es ist nach wie vor in Familienbesitz. Nichts wurde ver\u00e4ndert &#8211; nur die Menschen haben sich ge\u00e4ndert. Es steckt voller Geschichten und Erinnerungen und t\u00e4glich kommen neue dazu. Ein absoluter Wohlf\u00fchlort, an dem die Zeit ein wenig stehengeblieben ist.\u201c<\/em><\/p>\n<p style=\"text-align: justify;\">Einf\u00fchlsam und mit einer besonderen W\u00e4rme erz\u00e4hlt Uta Bresan hier diese Geschichte. Auch dieser tolle Songs wurde wieder von Hitschreiber Andr\u00e9 Stade komponiert und produziert.<\/p>\n","protected":false},"excerpt":{"rendered":"<p>Uta nimmt uns mit an einen &#8222;absoluten Wohlf\u00fchlort, an dem die Zeit ein wenig stehengeblieben ist\u201c &#8230;:<\/p>\n","protected":false},"author":2,"featured_media":249806,"comment_status":"open","ping_status":"closed","sticky":false,"template":"","format":"standard","meta":{"_FSMCFIC_featured_image_caption":"","_FSMCFIC_featured_image_nocaption":"","_FSMCFIC_featured_image_hide":""},"categories":[25],"tags":[143],"acf":[],"_links":{"self":[{"href":"https:\/\/smago.de\/ws2\/wp-json\/wp\/v2\/posts\/249805"}],"collection":[{"href":"https:\/\/smago.de\/ws2\/wp-json\/wp\/v2\/posts"}],"about":[{"href":"https:\/\/smago.de\/ws2\/wp-json\/wp\/v2\/types\/post"}],"author":[{"embeddable":true,"href":"https:\/\/smago.de\/ws2\/wp-json\/wp\/v2\/users\/2"}],"replies":[{"embeddable":true,"href":"https:\/\/smago.de\/ws2\/wp-json\/wp\/v2\/comments?post=249805"}],"version-history":[{"count":2,"href":"https:\/\/smago.de\/ws2\/wp-json\/wp\/v2\/posts\/249805\/revisions"}],"predecessor-version":[{"id":249808,"href":"https:\/\/smago.de\/ws2\/wp-json\/wp\/v2\/posts\/249805\/revisions\/249808"}],"wp:featuredmedia":[{"embeddable":true,"href":"https:\/\/smago.de\/ws2\/wp-json\/wp\/v2\/media\/249806"}],"wp:attachment":[{"href":"https:\/\/smago.de\/ws2\/wp-json\/wp\/v2\/media?parent=249805"}],"wp:term":[{"taxonomy":"category","embeddable":true,"href":"https:\/\/smago.de\/ws2\/wp-json\/wp\/v2\/categories?post=249805"},{"taxonomy":"post_tag","embeddable":true,"href":"https:\/\/smago.de\/ws2\/wp-json\/wp\/v2\/tags?post=249805"}],"curies":[{"name":"wp","href":"https:\/\/api.w.org\/{rel}","templated":true}]}}