{"id":249797,"date":"2025-10-28T00:00:10","date_gmt":"2025-10-27T23:00:10","guid":{"rendered":"https:\/\/smago.de\/ws2\/?p=249797"},"modified":"2025-10-27T20:28:32","modified_gmt":"2025-10-27T19:28:32","slug":"jay-khan-am-31-10-2025-erscheint-der-titel-tariq-aus-seinem-top-5-album-verdammt-als-radio-single","status":"publish","type":"post","link":"https:\/\/smago.de\/ws2\/pop-schlager\/jay-khan-am-31-10-2025-erscheint-der-titel-tariq-aus-seinem-top-5-album-verdammt-als-radio-single\/","title":{"rendered":"JAY KHAN <br>Am 31.10.2025 erscheint der Titel &#8222;Tariq&#8220; aus seinem Top 5-Album \u201eVerdammt!\u201c als Radio-Single!"},"content":{"rendered":"<p style=\"text-align: justify;\">In diesem Song geht es um eine Begegnung mit seinem fr\u00fcheren Ich &#8230;:<br \/>\n<!--more--><\/p>\n<p>&nbsp;<\/p>\n<p>&nbsp;<\/p>\n<p style=\"text-align: justify;\">Seit Anfang des Jahres extrem erfolgreich auf musikalischer Solomission, ging bei JAY KHAN aka diesem \u201eTyp, der nichts anbrennen l\u00e4sst\u201c, zuletzt alles Schlag auf Schlag: Eine ganze Serie von Hit-Singles ebnete den Weg f\u00fcr den Top-5-Charteinstieg seines Deb\u00fctalbums \u201eVerdammt!\u201c im Hochsommer, woraufhin er mit \u201eTariq und Ich\u201c auch gleich noch seine Biografie folgen lie\u00df. Nachdem der einstige Boygroup-Titan zuletzt auch live gleich mehrfach mit seinen Fans abgeklatscht hat, holt er den Titelhelden seiner Biografie nun auch f\u00fcr die neueste Single aus der Versenkung. Spoiler: Es geht um eine Begegnung mit seinem fr\u00fcheren Ich. Dem wahren Ich. Die Verwandlung findet passenderweise kurz vor Halloween statt, denn der autobiografische Titel \u201eTariq\u201c landet am 31. Oktober auf den Playlists. Auch das Video feiert am 31. Premiere.<\/p>\n<p style=\"text-align: justify;\">F\u00fcr seinen neuesten Song, den Jay komplett im Alleingang komponiert und verfasst hat, verschn\u00fcrt der Singer Songwriter Autobiografisches und dramatische Sounds: \u201eHast du vielleicht den Typ vor dir verkannt?\u201c, fragt er ziemlich zu Beginn \u00fcber dem pulsierenden Popschlager-Fundament. Wie in seiner k\u00fcrzlich ver\u00f6ffentlichten Autobiografie \u201eTariq &amp; Ich \u2013 Lieben und L\u00fcgen meines Lebens\u201c, geht\u2019s um sein gro\u00dfes Geheimnis, das neuerdings keines mehr ist \u2013 \u201edenn das, was keiner wei\u00df, ist, dass ich Tariq hei\u00df\u2026\u201c<\/p>\n<p style=\"text-align: justify;\">\u201eWenn du mich wirklich kennst, kannst du mich Tariq nennen\u201c, lautet nun das Angebot des Berliners, den fr\u00fcher manche f\u00fcr einen Taugenichts hielten \u2013 aber der es nat\u00fcrlich schon vor gut 20 Jahren allen zeigen sollte. Indem er seine wahre Identit\u00e4t offenlegt und auch das Auf und Ab der fr\u00fchen Jahre anspricht, komplettiert sich das Bild des Songwriters und S\u00e4ngers \u2013 die perfekte Basis f\u00fcrs n\u00e4chste Chapter: \u201eDu und ich, wir fangen noch mal von vorne an.\u201c<\/p>\n<p style=\"text-align: justify;\">W\u00e4hrend der Allrounder das schillernde Doppelg\u00e4ngerspiel wie einen elektrisierenden Filmsoundtrack einrahmt, er \u00fcber treibenden Beats zwischendurch auch bohrende Synthies und dramatische Effekte aufblitzen l\u00e4sst, greift das am 31. Oktober erscheinende Video auch visuell die Geschichte des Jungen \u201emit dem American Dream\u201c auf: Auch im spektakul\u00e4ren Performance-Clip spielt Jay\/Tariq mit den Ebenen und seinen Identit\u00e4ten. Hinter den Kulissen begegnen wir dem wahren Ich \u2013 umgeben von Spiegeln und abgeschottet durch Metallst\u00e4be, hinter denen Kinderfotos von ihm zu sehen sind. Dabei wei\u00df das tanzende Publikum vor der B\u00fchne l\u00e4ngst Bescheid und hat sogar einen Weg gefunden, um auch seine wahre Identit\u00e4t zu feiern\u2026 Gedreht wurde der Clip \u00fcbrigens gleich im Anschluss an seine ausverkaufte Show im Schlager Caf\u00e9 in D\u00fcsseldorf \u2013 in nur drei Takes.<\/p>\n<p style=\"text-align: justify;\">\u201eIch bin sehr stolz auf meinen geb\u00fcrtigen Namen\u201c, sagte Jay\/Tariq k\u00fcrzlich in einem gro\u00dfen Interview zum Albumrelease. \u201eAlle meine Freunde, die mich auch vor meiner Zeit bei US5 kennen, nennen mich nat\u00fcrlich Tariq. Also da w\u00fcrde keiner auf die Idee kommen, mich Jay zu nennen\u201c, so der S\u00e4nger, der seine Hits jedoch weiterhin als Jay Khan schreibt und ver\u00f6ffentlicht \ud83d\ude09<\/p>\n<p style=\"text-align: justify;\">Geb\u00fcrtig aus London, aufgewachsen in Berlin, steuerte Tariq Jay Khan (so steht\u2019s im Ausweis) schon 2003 zum Platin-Deb\u00fctalbum der Boyband Overground u.a. den #1-Hit \u201eSchick mir \u2019nen Engel\u201c bei. Ins grellste Rampenlicht wechselte er dann 2005 als Bandmitglied der von Lou Pearlman (Backstreet Boys &amp; N\u2019Sync) gegr\u00fcndeten Boyband US5, die weltweit \u00fcber 12 Millionen Tontr\u00e4ger verkaufte und allein in Deutschland neun Top-10-Hits (!) landen konnte. Jay Khan war dabei nicht nur Bandmitglied, sondern auch als Songwriter ma\u00dfgeblich am Erfolg beteiligt. Nach der Aufl\u00f6sung der Boygroup entdeckte Jay Khan seine Liebe zum Schlager und konnte mit seinem eigenen Label Neuland Entertainment zahlreiche Top-10-Erfolge in den offiziellen konservativen Radio-Charts feiern. Dazu schrieb er weiterhin auch anderen K\u00fcnstler:innen Hits auf den Leib (z.B. Maite Kellys \u201eHeute Nacht f\u00fcr immer\u201c, 2018). Ins aktuelle Jahrzehnt startete er mit TEAM 5\u00dcNF, deren Alben \u201eF\u00fcr die Ewigkeit\u201c (#9, 2023) und \u201eEinmal Boyband und zur\u00fcck\u201c (#20, 2021) sich erfolgreich in den vorderen R\u00e4ngen der deutschen Album Charts platzieren konnten.<\/p>\n<p style=\"text-align: justify;\">Angek\u00fcndigt von den Singles \u201eMein Stern\u201c, \u201eBauchgef\u00fchl\u201c, \u201eVerdammt\u201c (Airplay #1!), \u201eDieser Kuss\u201c, \u201eTausendmal\u201c und \u201eMaria \u201925\u201c, stieg sein Solodeb\u00fct \u201eVerdammt!\u201c im Juli 2025 direkt in die Top-5 der Offiziellen Deutschen Album Charts ein. W\u00e4hrend die Fans die komplette Story in der etwa zeitgleich ver\u00f6ffentlichten Autobiografie \u201eTariq &amp; Ich \u2013 Lieben und L\u00fcgen meines Lebens\u201c nachlesen k\u00f6nnen, lie\u00df der Solo-Senkrechtstarter auf die gro\u00dfe Live-Premiere zuletzt etliche weitere Shows folgen, um die j\u00fcngsten Kompositionen seinen Fans zu pr\u00e4sentieren.<\/p>\n<p>Das Video zur neuen Single \u201eTariq\u201c feiert am 31. Oktober 2025 Premiere.<\/p>\n","protected":false},"excerpt":{"rendered":"<p>In diesem Song geht es um eine Begegnung mit seinem fr\u00fcheren Ich &#8230;:<\/p>\n","protected":false},"author":2,"featured_media":249798,"comment_status":"open","ping_status":"closed","sticky":false,"template":"","format":"standard","meta":{"_FSMCFIC_featured_image_caption":"","_FSMCFIC_featured_image_nocaption":"","_FSMCFIC_featured_image_hide":""},"categories":[28,39],"tags":[165],"acf":[],"_links":{"self":[{"href":"https:\/\/smago.de\/ws2\/wp-json\/wp\/v2\/posts\/249797"}],"collection":[{"href":"https:\/\/smago.de\/ws2\/wp-json\/wp\/v2\/posts"}],"about":[{"href":"https:\/\/smago.de\/ws2\/wp-json\/wp\/v2\/types\/post"}],"author":[{"embeddable":true,"href":"https:\/\/smago.de\/ws2\/wp-json\/wp\/v2\/users\/2"}],"replies":[{"embeddable":true,"href":"https:\/\/smago.de\/ws2\/wp-json\/wp\/v2\/comments?post=249797"}],"version-history":[{"count":2,"href":"https:\/\/smago.de\/ws2\/wp-json\/wp\/v2\/posts\/249797\/revisions"}],"predecessor-version":[{"id":249800,"href":"https:\/\/smago.de\/ws2\/wp-json\/wp\/v2\/posts\/249797\/revisions\/249800"}],"wp:featuredmedia":[{"embeddable":true,"href":"https:\/\/smago.de\/ws2\/wp-json\/wp\/v2\/media\/249798"}],"wp:attachment":[{"href":"https:\/\/smago.de\/ws2\/wp-json\/wp\/v2\/media?parent=249797"}],"wp:term":[{"taxonomy":"category","embeddable":true,"href":"https:\/\/smago.de\/ws2\/wp-json\/wp\/v2\/categories?post=249797"},{"taxonomy":"post_tag","embeddable":true,"href":"https:\/\/smago.de\/ws2\/wp-json\/wp\/v2\/tags?post=249797"}],"curies":[{"name":"wp","href":"https:\/\/api.w.org\/{rel}","templated":true}]}}