{"id":249747,"date":"2025-10-26T00:00:43","date_gmt":"2025-10-25T22:00:43","guid":{"rendered":"https:\/\/smago.de\/ws2\/?p=249747"},"modified":"2025-10-25T06:59:19","modified_gmt":"2025-10-25T04:59:19","slug":"isa-gluecklich-julezz-der-titel-lichterkinder-ist-ein-gemeinsames-herzensprojekt","status":"publish","type":"post","link":"https:\/\/smago.de\/ws2\/pop-schlager\/isa-gluecklich-julezz-der-titel-lichterkinder-ist-ein-gemeinsames-herzensprojekt\/","title":{"rendered":"ISA GL\u00dcCKLICH &#038; JULEZZ <br>Der Titel &#8222;Lichterkinder&#8220; ist ein gemeinsames Herzensprojekt!"},"content":{"rendered":"<p>Ihr gemeinsamer Song hat eine r\u00fchrende Botschaft &#8230;:<br \/>\n<!--more--><\/p>\n<p>&nbsp;<\/p>\n<p>&nbsp;<\/p>\n<p>&nbsp;<\/p>\n<p style=\"text-align: justify;\">Ein gemeinsames Herzensprojekt: Zusammen mit der aus TV und Social Media bekannten Julia Holz = JULEZZ (\u00fcber 460 Tsd. Follower bei Instagram), singt ISA GL\u00dcCKLICH, die K\u00f6nigin der Kinderdisco, eine bewegende Version des Kinderlieds &#8222;Lichterkinder&#8220; des gleichnamigen Kindermusik-Projekts.<\/p>\n<p style=\"text-align: justify;\">Das Lied ist zu einem modernen, weithin bekannten Klassiker geworden und als Laternen- und Herbstlied in Deutschland nicht mehr wegzudenken.<\/p>\n<p style=\"text-align: justify;\">Passend zu Sankt Martin und der nahenden kalten Jahreszeit hat &#8222;Lichterkinder&#8220; eine r\u00fchrende Botschaft: Nicht jeder hat das Gl\u00fcck, ein warmes Zuhause, genug Essen und Geld zu haben &#8211; deshalb gehen &#8222;Lichterkinder&#8220; auf die Stra\u00dfe und &#8222;bringen L\u00e4cheln in Gesichter&#8220; und Licht &#8222;f\u00fcr alle, deren Leben dunkel und kalt ist&#8220;.<\/p>\n<p style=\"text-align: justify;\">Genau das wollen auch Isa Gl\u00fccklich und Julezz in die Welt tragen.<\/p>\n<p style=\"text-align: justify;\">Mit ihrer eigenen, liebevoll und hochwertig produzierten Version werden sie alle Kinder, aber auch alle Eltern, Gro\u00dfeltern und Erziehende verzaubern.<\/p>\n","protected":false},"excerpt":{"rendered":"<p>Ihr gemeinsamer Song hat eine r\u00fchrende Botschaft &#8230;:<\/p>\n","protected":false},"author":2,"featured_media":249752,"comment_status":"open","ping_status":"closed","sticky":false,"template":"","format":"standard","meta":{"_FSMCFIC_featured_image_caption":"","_FSMCFIC_featured_image_nocaption":"","_FSMCFIC_featured_image_hide":""},"categories":[28],"tags":[4770],"acf":[],"_links":{"self":[{"href":"https:\/\/smago.de\/ws2\/wp-json\/wp\/v2\/posts\/249747"}],"collection":[{"href":"https:\/\/smago.de\/ws2\/wp-json\/wp\/v2\/posts"}],"about":[{"href":"https:\/\/smago.de\/ws2\/wp-json\/wp\/v2\/types\/post"}],"author":[{"embeddable":true,"href":"https:\/\/smago.de\/ws2\/wp-json\/wp\/v2\/users\/2"}],"replies":[{"embeddable":true,"href":"https:\/\/smago.de\/ws2\/wp-json\/wp\/v2\/comments?post=249747"}],"version-history":[{"count":3,"href":"https:\/\/smago.de\/ws2\/wp-json\/wp\/v2\/posts\/249747\/revisions"}],"predecessor-version":[{"id":249753,"href":"https:\/\/smago.de\/ws2\/wp-json\/wp\/v2\/posts\/249747\/revisions\/249753"}],"wp:featuredmedia":[{"embeddable":true,"href":"https:\/\/smago.de\/ws2\/wp-json\/wp\/v2\/media\/249752"}],"wp:attachment":[{"href":"https:\/\/smago.de\/ws2\/wp-json\/wp\/v2\/media?parent=249747"}],"wp:term":[{"taxonomy":"category","embeddable":true,"href":"https:\/\/smago.de\/ws2\/wp-json\/wp\/v2\/categories?post=249747"},{"taxonomy":"post_tag","embeddable":true,"href":"https:\/\/smago.de\/ws2\/wp-json\/wp\/v2\/tags?post=249747"}],"curies":[{"name":"wp","href":"https:\/\/api.w.org\/{rel}","templated":true}]}}