{"id":249708,"date":"2025-10-25T00:00:31","date_gmt":"2025-10-24T22:00:31","guid":{"rendered":"https:\/\/smago.de\/ws2\/?p=249708"},"modified":"2025-10-25T06:10:00","modified_gmt":"2025-10-25T04:10:00","slug":"andre-rieu-heute-25-10-mdr-fernsehen-andre-rieu-das-grosse-open-air-konzert-2025","status":"publish","type":"post","link":"https:\/\/smago.de\/ws2\/instrumental\/andre-rieu-heute-25-10-mdr-fernsehen-andre-rieu-das-grosse-open-air-konzert-2025\/","title":{"rendered":"ANDR\u00c9 RIEU <br>Heute (25.10.), MDR Fernsehen: &#8222;Andr\u00e9 Rieu \u2013 Das gro\u00dfe Open-Air-Konzert 2025&#8220;!"},"content":{"rendered":"<p style=\"text-align: justify;\">20:15 Uhr &#8211; 22:28 Uhr (im Anschluss: &#8222;MDR aktuell&#8220; bis 22:30 Uhr)!<br \/>\n<!--more--><\/p>\n<p style=\"text-align: justify;\">\n<p style=\"text-align: justify;\">\n<p style=\"text-align: justify;\">Der Walzerk\u00f6nig ist zur\u00fcck! Auch im Sommer 2025 verwandelte ANDR\u00c9 RIEU den historischen Vrijthof-Platz in Maastricht in einen festlichen Open-Air-Konzertsaal. Gemeinsam mit seinem ber\u00fchmten Johann Strauss-Orchester bot der niederl\u00e4ndische Weltstar erneut ein buntes Programm bestehend aus Walzern, Arien aus Opern und Operetten, Musicals, Filmmusik und moderne Evergreens &#8211; gespickt mit \u00fcberraschenden Momenten und viel Charme. \u00dcber 150.000 Fans aus 100 L\u00e4ndern erlebten diesen Sommer diesen Event voller Lebensfreude, der weit \u00fcber das klassische Konzerterlebnis hinausgeht.<\/p>\n<p style=\"text-align: justify;\">Zu den zahlreichen Starg\u00e4sten geh\u00f6rten 2025 die Platin Tenors, die junge S\u00e4ngerin Emma Kok mit dem &#8222;Earth Song&#8220; von Michael Jackson und &#8222;Voil\u00e0&#8220;, Los del Rio mit ihrem Welthit &#8222;Macarena&#8220;, internationale Sopranistinnen und 300 Tanzpaare, die mit einer einzigartigen Darbietung von Johann Strauss\u2018 herrlichem Walzer &#8222;Rosen aus dem S\u00fcden&#8220; die Zuschauer begeisterten.<\/p>\n<p style=\"text-align: justify;\">Freuen Sie sich auf einen unvergesslichen Abend!<\/p>\n<p style=\"text-align: justify;\">\n<p style=\"text-align: justify;\">\n<figure id=\"attachment_249710\" aria-describedby=\"caption-attachment-249710\" style=\"width: 800px\" class=\"wp-caption alignnone\"><img decoding=\"async\" loading=\"lazy\" class=\"size-large wp-image-249710\" src=\"https:\/\/smago.de\/ws2\/wp-content\/uploads\/2025\/10\/6_Das_grosse_Maastricht_Konzert_2025-800x528.jpg\" alt=\"\" width=\"800\" height=\"528\" srcset=\"https:\/\/smago.de\/ws2\/wp-content\/uploads\/2025\/10\/6_Das_grosse_Maastricht_Konzert_2025-800x528.jpg 800w, https:\/\/smago.de\/ws2\/wp-content\/uploads\/2025\/10\/6_Das_grosse_Maastricht_Konzert_2025-522x345.jpg 522w, https:\/\/smago.de\/ws2\/wp-content\/uploads\/2025\/10\/6_Das_grosse_Maastricht_Konzert_2025-227x150.jpg 227w, https:\/\/smago.de\/ws2\/wp-content\/uploads\/2025\/10\/6_Das_grosse_Maastricht_Konzert_2025-768x507.jpg 768w, https:\/\/smago.de\/ws2\/wp-content\/uploads\/2025\/10\/6_Das_grosse_Maastricht_Konzert_2025-1536x1014.jpg 1536w, https:\/\/smago.de\/ws2\/wp-content\/uploads\/2025\/10\/6_Das_grosse_Maastricht_Konzert_2025-2048x1352.jpg 2048w, https:\/\/smago.de\/ws2\/wp-content\/uploads\/2025\/10\/6_Das_grosse_Maastricht_Konzert_2025-392x259.jpg 392w, https:\/\/smago.de\/ws2\/wp-content\/uploads\/2025\/10\/6_Das_grosse_Maastricht_Konzert_2025-130x86.jpg 130w, https:\/\/smago.de\/ws2\/wp-content\/uploads\/2025\/10\/6_Das_grosse_Maastricht_Konzert_2025-674x445.jpg 674w, https:\/\/smago.de\/ws2\/wp-content\/uploads\/2025\/10\/6_Das_grosse_Maastricht_Konzert_2025-791x522.jpg 791w, https:\/\/smago.de\/ws2\/wp-content\/uploads\/2025\/10\/6_Das_grosse_Maastricht_Konzert_2025-288x190.jpg 288w, https:\/\/smago.de\/ws2\/wp-content\/uploads\/2025\/10\/6_Das_grosse_Maastricht_Konzert_2025-435x287.jpg 435w, https:\/\/smago.de\/ws2\/wp-content\/uploads\/2025\/10\/6_Das_grosse_Maastricht_Konzert_2025-150x100.jpg 150w\" sizes=\"(max-width: 800px) 100vw, 800px\" \/><figcaption id=\"caption-attachment-249710\" class=\"wp-caption-text\"><em>Andr\u00e9 Rieu und sein Johann Strauss Orchester aus Vrijthof in Maastricht<\/em><\/p>\n<p><em>\u00a9 MDR &#8211; Andr\u00e9 Rieu Productions \/ Marcel van Hoorn<\/em><\/figcaption><\/figure>\n","protected":false},"excerpt":{"rendered":"<p>20:15 Uhr &#8211; 22:28 Uhr (im Anschluss: &#8222;MDR aktuell&#8220; bis 22:30 Uhr)!<\/p>\n","protected":false},"author":2,"featured_media":249709,"comment_status":"open","ping_status":"closed","sticky":false,"template":"","format":"standard","meta":{"_FSMCFIC_featured_image_caption":"","_FSMCFIC_featured_image_nocaption":"","_FSMCFIC_featured_image_hide":""},"categories":[38,128],"tags":[495],"acf":[],"_links":{"self":[{"href":"https:\/\/smago.de\/ws2\/wp-json\/wp\/v2\/posts\/249708"}],"collection":[{"href":"https:\/\/smago.de\/ws2\/wp-json\/wp\/v2\/posts"}],"about":[{"href":"https:\/\/smago.de\/ws2\/wp-json\/wp\/v2\/types\/post"}],"author":[{"embeddable":true,"href":"https:\/\/smago.de\/ws2\/wp-json\/wp\/v2\/users\/2"}],"replies":[{"embeddable":true,"href":"https:\/\/smago.de\/ws2\/wp-json\/wp\/v2\/comments?post=249708"}],"version-history":[{"count":3,"href":"https:\/\/smago.de\/ws2\/wp-json\/wp\/v2\/posts\/249708\/revisions"}],"predecessor-version":[{"id":249713,"href":"https:\/\/smago.de\/ws2\/wp-json\/wp\/v2\/posts\/249708\/revisions\/249713"}],"wp:featuredmedia":[{"embeddable":true,"href":"https:\/\/smago.de\/ws2\/wp-json\/wp\/v2\/media\/249709"}],"wp:attachment":[{"href":"https:\/\/smago.de\/ws2\/wp-json\/wp\/v2\/media?parent=249708"}],"wp:term":[{"taxonomy":"category","embeddable":true,"href":"https:\/\/smago.de\/ws2\/wp-json\/wp\/v2\/categories?post=249708"},{"taxonomy":"post_tag","embeddable":true,"href":"https:\/\/smago.de\/ws2\/wp-json\/wp\/v2\/tags?post=249708"}],"curies":[{"name":"wp","href":"https:\/\/api.w.org\/{rel}","templated":true}]}}