{"id":249685,"date":"2025-10-26T00:00:38","date_gmt":"2025-10-25T22:00:38","guid":{"rendered":"https:\/\/smago.de\/ws2\/?p=249685"},"modified":"2025-10-24T14:45:03","modified_gmt":"2025-10-24T12:45:03","slug":"alexandra-hofmann-ihr-titel-hinter-den-sternen-geht-tief-unter-die-haut","status":"publish","type":"post","link":"https:\/\/smago.de\/ws2\/pop-schlager\/alexandra-hofmann-ihr-titel-hinter-den-sternen-geht-tief-unter-die-haut\/","title":{"rendered":"ALEXANDRA HOFMANN <br>Ihr Titel &#8222;Hinter den Sternen&#8220; geht tief unter die Haut!"},"content":{"rendered":"<p>Entstanden ist das Lied zum ersten Todestag ihres Vaters!<br \/>\n<!--more--><\/p>\n<p>&nbsp;<\/p>\n<p style=\"text-align: justify;\">\n<p style=\"text-align: justify;\">Mit \u201eHinter den Sternen\u201c ver\u00f6ffentlicht ALEXANDRA HOFMANN einen Song, der unter die Haut geht &#8211; eine musikalische Liebeserkl\u00e4rung an das Weiterleben der Erinnerungen, an die unzerst\u00f6rbare Verbindung zwischen Himmel und Erde. Entstanden ist das Lied zum ersten Todestag ihres Vaters. Der Verlust eines so pr\u00e4genden Menschen lie\u00df in ihr den Wunsch wachsen, all jenen Trost zu schenken, die \u00c4hnliches erlebt haben.<\/p>\n<p>Alexandras Vater war nicht nur die Seele der Familie, sondern auch der Ursprung ihrer musikalischen Leidenschaft. Von Anfang an unterst\u00fctzte er sie in allem, was mit Musik zu tun hatte, ging den langen Weg mit und best\u00e4rkte sie ein Leben lang in dem, was sie tut. Diese tiefe Verbindung, die Liebe und das unersch\u00fctterliche Vertrauen pr\u00e4gen den Song ebenso wie die Erinnerungen an ihn. Alexandra beschreibt das tr\u00f6stliche Gef\u00fchl, dass die, die gegangen sind, nicht wirklich fort sind. Sie sind nur \u201ehinter den Sternen\u201c, an einem Ort, an dem Liebe weiter strahlt.<\/p>\n<p>Das Lied, das Alexandra gemeinsam mit Michael Sch\u00e4uble geschrieben hat, spricht zwar von Verlust, aber noch mehr von Zuversicht. \u201eHinter den Sternen\u201c ist nicht nur ein sehr pers\u00f6nlicher Titel, sondern auch eine Einladung an alle, die einen geliebten Menschen vermissen, das Licht der Erinnerung zu bewahren.<\/p>\n","protected":false},"excerpt":{"rendered":"<p>Entstanden ist das Lied zum ersten Todestag ihres Vaters!<\/p>\n","protected":false},"author":2,"featured_media":249686,"comment_status":"open","ping_status":"closed","sticky":false,"template":"","format":"standard","meta":{"_FSMCFIC_featured_image_caption":"","_FSMCFIC_featured_image_nocaption":"","_FSMCFIC_featured_image_hide":""},"categories":[28],"tags":[3085],"acf":[],"_links":{"self":[{"href":"https:\/\/smago.de\/ws2\/wp-json\/wp\/v2\/posts\/249685"}],"collection":[{"href":"https:\/\/smago.de\/ws2\/wp-json\/wp\/v2\/posts"}],"about":[{"href":"https:\/\/smago.de\/ws2\/wp-json\/wp\/v2\/types\/post"}],"author":[{"embeddable":true,"href":"https:\/\/smago.de\/ws2\/wp-json\/wp\/v2\/users\/2"}],"replies":[{"embeddable":true,"href":"https:\/\/smago.de\/ws2\/wp-json\/wp\/v2\/comments?post=249685"}],"version-history":[{"count":1,"href":"https:\/\/smago.de\/ws2\/wp-json\/wp\/v2\/posts\/249685\/revisions"}],"predecessor-version":[{"id":249687,"href":"https:\/\/smago.de\/ws2\/wp-json\/wp\/v2\/posts\/249685\/revisions\/249687"}],"wp:featuredmedia":[{"embeddable":true,"href":"https:\/\/smago.de\/ws2\/wp-json\/wp\/v2\/media\/249686"}],"wp:attachment":[{"href":"https:\/\/smago.de\/ws2\/wp-json\/wp\/v2\/media?parent=249685"}],"wp:term":[{"taxonomy":"category","embeddable":true,"href":"https:\/\/smago.de\/ws2\/wp-json\/wp\/v2\/categories?post=249685"},{"taxonomy":"post_tag","embeddable":true,"href":"https:\/\/smago.de\/ws2\/wp-json\/wp\/v2\/tags?post=249685"}],"curies":[{"name":"wp","href":"https:\/\/api.w.org\/{rel}","templated":true}]}}