{"id":249565,"date":"2025-10-23T23:59:08","date_gmt":"2025-10-23T21:59:08","guid":{"rendered":"https:\/\/smago.de\/ws2\/?p=249565"},"modified":"2025-10-23T08:26:13","modified_gmt":"2025-10-23T06:26:13","slug":"anna-loos-u-a-fr-24-10-2025-in-der-talk-show-koelner-treff-zu-gast","status":"publish","type":"post","link":"https:\/\/smago.de\/ws2\/tv-tipps\/anna-loos-u-a-fr-24-10-2025-in-der-talk-show-koelner-treff-zu-gast\/","title":{"rendered":"ANNA LOOS u.a. <br>Fr. (24.10.2025) in der Talk-Show &#8222;K\u00f6lner Treff&#8220; zu Gast!"},"content":{"rendered":"<p style=\"text-align: justify;\">WDR Fernsehen, 22:00 Uhr &#8211; 00:00 Uhr (Wh.: So., 26.10., 09:15 Uhr &#8211; 11:15 Uhr)! Moderation: Susan Link und Micky Beisenherz!<!--more--><\/p>\n<p style=\"text-align: justify;\">\n<p style=\"text-align: justify;\">\n<div class=\"epg_content detailseite2\">\n<div class=\"programmdetails\">\n<div class=\"info\">\n<div class=\"modGalleryCon\" style=\"text-align: justify;\">\n<div id=\"gallery60174658\" class=\"modGallery\" data-ctrl-gallery=\"{}\">\n<div class=\"galleryCon\">\n<div class=\"galleryitem\">\n<div class=\"caption\">\n<div class=\"tvicons\">\n<\/div>\n<\/div>\n<\/div>\n<\/div>\n<\/div>\n<\/div>\n<p style=\"text-align: justify;\">Susan Link und Micky Beisenherz begr\u00fc\u00dfen folgende G\u00e4ste &#8230;:<\/p>\n<p><strong>Ilka Bessin<\/strong><\/p>\n<p>Als &#8222;Cindy aus Marzahn&#8220; im pinken Pl\u00fcsch-Anzug mit Diadem im Haar wurde sie eine der erfolgreichsten Komikerinnen Deutschlands und gewann sechsmal den Deutschen Comedy-Preis Doch irgendwann war die Geschichte der langzeitarbeitslosen Anti-Prinzessin auserz\u00e4hlt, fand Ilka Bessin &#8211; und ging nur noch als sie selbst auf die B\u00fchne. Das soll sich nun wieder \u00e4ndern! Cindy aus Marzahn ist zur\u00fcck &#8211; mit einer eigenen Tour zu ihrem 20-j\u00e4hrigen B\u00fchnenjubil\u00e4um. Aber wir erfahren auch, welche &#8222;Schlager&#8220; sie \u00fcberdies hinaus im Gep\u00e4ck hat!<\/p>\n<p>&nbsp;<\/p>\n<p>&nbsp;<\/p>\n<p style=\"text-align: justify;\">\n<p><strong>Max Giesinger<\/strong><\/p>\n<p>&nbsp;<\/p>\n<p style=\"text-align: justify;\">Mit seinem Hit &#8222;80 Millionen&#8220; wurde Max Giesinger 2016 schlagartig in ganz Deutschland bekannt &#8211; und erf\u00fcllte sich damit seinen den Traum. Dabei war sein Weg auf die gro\u00dfen B\u00fchnen kein Sprint, sondern brauchte einigen Anlauf, bevor seine Karriere richtig Fahrt aufnahm. Heute z\u00e4hlt er zu den erfolgreichsten deutschen Popmusikern und ver\u00f6ffentlicht nun sein f\u00fcnftes Album &#8211; sein bislang pers\u00f6nlichstes. Darin verarbeitet er nicht nur das Ende einer Beziehung, sondern auch den Abschied von seiner geliebten Gro\u00dfmutter. Trotz der emotionalen Tiefe \u00fcberraschen die neuen St\u00fccke mit Leichtigkeit, Zuversicht und Lebensfreude.<\/p>\n<p>&nbsp;<\/p>\n<p>&nbsp;<\/p>\n<p>&nbsp;<\/p>\n<p style=\"text-align: justify;\"><strong>Anna Loos<\/strong><\/p>\n<p>&nbsp;<\/p>\n<p style=\"text-align: justify;\">Ob als Musikerin, vor der Kamera oder auf der Theaterb\u00fchne: Anna Loos begeistert seit vielen Jahren mit ihrer Vielseitigkeit und Leidenschaft. Demn\u00e4chst steht sie gemeinsam mit ihrem Ehemann Jan Josef Liefers auf der Theaterb\u00fchne und inszeniert mit ihm ein dialogreiches St\u00fcck, in dem es um eine Ehe in der Krise geht. Und Anna Loos ist \u00fcberzeugt, jeder, der in einer Langzeitbeziehung lebt oder gelebt hat, wird sich darin wiederfinden. Auch abseits des Scheinwerferlichts ist die gefeierte Schauspielerin voller Energie f\u00fcr Themen, die ihr am Herzen liegen und wurde f\u00fcr ihr gesellschaftspolitisches Engagement Anfang Oktober mit dem Bundesverdienstkreuz ausgezeichnet.<\/p>\n<p>&nbsp;<\/p>\n<p>&nbsp;<\/p>\n<p>&nbsp;<\/p>\n<p style=\"text-align: justify;\"><strong>Andreas Englisch<\/strong><\/p>\n<p>&nbsp;<\/p>\n<p style=\"text-align: justify;\">Seit 40 Jahren berichtet er aus dem Vatikan und hat als Journalist schon vier P\u00e4pste begleiten d\u00fcrfen. Eigentlich wollte Andreas Englisch nur nach Rom, um sein Italienisch aufzubessern, blieb dann aber und machte sich einen Namen als Papstexperte. Aktuell widmet er sich dem neuen Papstes Leo XIV, dem ersten Amerikaner in diesem Amt. Der Bestsellerautor selbst wuchs im westf\u00e4lischen Werl zwar als Ministrant, aber in einem b\u00fccherlosen Elternhaus auf. Das erste Buch gab&#8217;s zur Kommunion, ein Buch \u00fcber die Mondlandung. Heute verf\u00fcgt er \u00fcber einen Schatz an B\u00fcchern &#8211; nicht nur Selbstgeschriebenen!<\/p>\n<p>&nbsp;<\/p>\n<p>&nbsp;<\/p>\n<p>&nbsp;<\/p>\n<p style=\"text-align: justify;\"><strong>Alina Bock<\/strong><\/p>\n<p>&nbsp;<\/p>\n<p style=\"text-align: justify;\">Aufgewachsen in einem Dorf in Nordrhein-Westfalen, tr\u00e4umte Alina Bock schon als Kind von nichts weniger als der gro\u00dfen B\u00fchne in Hollywood. Als ihr Vater sich 2006 das Leben nahm ersch\u00fctterte dies ihre Welt und sie entschloss sie sich ihren gro\u00dfen Traum nicht aufzuschieben: Mit ihrem letzten Ersparten reiste sie nach Los Angeles, stellte sich bei Agenturen vor, nahm an Castings teil und finanzierte sich mit verschiedenen Nebenjobs. \u00dcber Jahre k\u00e4mpfte sie um eine Chance, in der Pandemie kam dann der Wendepunkt: Ein Comedy-Sketch von ihr ging auf TikTok viral und verschaffte ihr den Durchbruch. Heute kann Alina in Los Angeles ihren Traum leben, schreibt Drehb\u00fccher, steht vor und hinter der Kamera und tourt jetzt mit ihrem Comedy-Programm durch Deutschland.<\/p>\n<p>&nbsp;<\/p>\n<p>&nbsp;<\/p>\n<p style=\"text-align: justify;\"><strong><br \/>\nMille Petrozza<\/strong><\/p>\n<p>&nbsp;<\/p>\n<p style=\"text-align: justify;\">Wenn er die B\u00fchne betritt, wird es laut, wild und kompromisslos: Mille Petrozza ist Frontmann der Thrash-Metal-Legende &#8222;Kreator&#8220; und seit fast vier Jahrzehnten eine feste Gr\u00f6\u00dfe in der internationalen Rockszene. Mit seinen Songs f\u00fcllt er Arenen von S\u00fcdamerika bis Japan &#8211; und doch ist er privat ein nachdenklicher, humorvoller Ruhrpott-Junge geblieben. Zwischen Gitarrenriffs und Welttourneen setzt sich der geb\u00fcrtige Essener immer wieder mit gesellschaftlichen Themen auseinander: von Umweltfragen bis hin zu Toleranz und Solidarit\u00e4t.<\/p>\n<\/div>\n<\/div>\n<\/div>\n","protected":false},"excerpt":{"rendered":"<p>WDR Fernsehen, 22:00 Uhr &#8211; 00:00 Uhr (Wh.: So., 26.10., 09:15 Uhr &#8211; 11:15 Uhr)! Moderation: Susan Link und Micky<\/p>\n","protected":false},"author":2,"featured_media":249566,"comment_status":"open","ping_status":"closed","sticky":false,"template":"","format":"standard","meta":{"_FSMCFIC_featured_image_caption":"","_FSMCFIC_featured_image_nocaption":"","_FSMCFIC_featured_image_hide":""},"categories":[3536,128],"tags":[129],"acf":[],"_links":{"self":[{"href":"https:\/\/smago.de\/ws2\/wp-json\/wp\/v2\/posts\/249565"}],"collection":[{"href":"https:\/\/smago.de\/ws2\/wp-json\/wp\/v2\/posts"}],"about":[{"href":"https:\/\/smago.de\/ws2\/wp-json\/wp\/v2\/types\/post"}],"author":[{"embeddable":true,"href":"https:\/\/smago.de\/ws2\/wp-json\/wp\/v2\/users\/2"}],"replies":[{"embeddable":true,"href":"https:\/\/smago.de\/ws2\/wp-json\/wp\/v2\/comments?post=249565"}],"version-history":[{"count":1,"href":"https:\/\/smago.de\/ws2\/wp-json\/wp\/v2\/posts\/249565\/revisions"}],"predecessor-version":[{"id":249567,"href":"https:\/\/smago.de\/ws2\/wp-json\/wp\/v2\/posts\/249565\/revisions\/249567"}],"wp:featuredmedia":[{"embeddable":true,"href":"https:\/\/smago.de\/ws2\/wp-json\/wp\/v2\/media\/249566"}],"wp:attachment":[{"href":"https:\/\/smago.de\/ws2\/wp-json\/wp\/v2\/media?parent=249565"}],"wp:term":[{"taxonomy":"category","embeddable":true,"href":"https:\/\/smago.de\/ws2\/wp-json\/wp\/v2\/categories?post=249565"},{"taxonomy":"post_tag","embeddable":true,"href":"https:\/\/smago.de\/ws2\/wp-json\/wp\/v2\/tags?post=249565"}],"curies":[{"name":"wp","href":"https:\/\/api.w.org\/{rel}","templated":true}]}}