{"id":249531,"date":"2025-10-23T00:00:26","date_gmt":"2025-10-22T22:00:26","guid":{"rendered":"https:\/\/smago.de\/ws2\/?p=249531"},"modified":"2025-10-22T16:40:39","modified_gmt":"2025-10-22T14:40:39","slug":"hildegard-knef-grosse-erfolge-raritaeten-ltd-coloured-2lp-ab-05-12-2025-erhaeltlich","status":"publish","type":"post","link":"https:\/\/smago.de\/ws2\/liedermacher\/hildegard-knef-grosse-erfolge-raritaeten-ltd-coloured-2lp-ab-05-12-2025-erhaeltlich\/","title":{"rendered":"HILDEGARD KNEF <br>&#8222;Gro\u00dfe Erfolge &#038; Rarit\u00e4ten (Ltd. Coloured 2LP)&#8220; ab 05.12.2025 erh\u00e4ltlich!"},"content":{"rendered":"<p>&#8222;Die Knef&#8220; w\u00e4re am 28.12.2025 100 Jahre alt geworden! ACHTUNG: Diese Edition ist auf 1.000 St\u00fcck limitiert und \u2013\u00a0 nummeriert!<br \/>\n<!--more--><\/p>\n<p>&nbsp;<\/p>\n<p>&nbsp;<\/p>\n<p style=\"text-align: justify;\">HILDEGARD KNEF wurde am 28. Dezember 1925 in Ulm geboren und wuchs in Berlin auf. Ab den 1960er-Jahren etablierte sie sich als S\u00e4ngerin. Mit ihrer markanten, rauchigen Stimme und ihren oft melancholischen Chansons wie \u201eF\u00fcr mich soll\u2019s rote Rosen regnen\u201c oder \u201eEins und eins\u201c wurde sie zu einer pr\u00e4genden Figur der deutschen Musikszene. Ihr manchmal schnoddriger, manchmal unglaublich pr\u00e4ziser, immer sensibler Vortrag, die Klugheit, die lakonisch Ironie ihrer Songtexte haben die Knef zu einem Unikum im deutschsprachigen Entertainment gemacht.<\/p>\n<p style=\"text-align: justify;\">Hildegard Knef galt als vielseitige K\u00fcnstlerin, die sich nie auf eine Rolle festlegen lie\u00df. Sie verband Glamour mit Authentizit\u00e4t und wagte k\u00fcnstlerische Experimente, die ihr sowohl Bewunderung als auch Kritik einbrachten.<\/p>\n<p style=\"text-align: justify;\">Sie verstarb am 1. Februar 2002 in Berlin. Bis heute gilt sie als eine der bedeutendsten deutschen K\u00fcnstlerinnen des 20. Jahrhunderts.<\/p>\n<p style=\"text-align: justify;\">Zu ihrem 100. Geburtstag m\u00f6chte Electrola \/ Universal Music Hildegard Knef diese hochwertige Doppel-LP mit 28 Titeln \u201eGro\u00dfe Erfolge &amp; Rarit\u00e4ten\u201c widmen. Ein Panorama-Blick auf Highlights und heimliche Hits \u2013 in wundersch\u00f6nen Vinyl-Farben, auf 1.000 St\u00fcck limitiert und nummeriert.<\/p>\n<p>&nbsp;<\/p>\n<p>&nbsp;<\/p>\n<p><img decoding=\"async\" loading=\"lazy\" class=\"alignnone size-large wp-image-249533\" src=\"https:\/\/smago.de\/ws2\/wp-content\/uploads\/2025\/10\/Knef_DLP_2-800x800.jpeg\" alt=\"\" width=\"800\" height=\"800\" srcset=\"https:\/\/smago.de\/ws2\/wp-content\/uploads\/2025\/10\/Knef_DLP_2-800x800.jpeg 800w, https:\/\/smago.de\/ws2\/wp-content\/uploads\/2025\/10\/Knef_DLP_2-522x522.jpeg 522w, https:\/\/smago.de\/ws2\/wp-content\/uploads\/2025\/10\/Knef_DLP_2-150x150.jpeg 150w, https:\/\/smago.de\/ws2\/wp-content\/uploads\/2025\/10\/Knef_DLP_2-768x768.jpeg 768w, https:\/\/smago.de\/ws2\/wp-content\/uploads\/2025\/10\/Knef_DLP_2-272x272.jpeg 272w, https:\/\/smago.de\/ws2\/wp-content\/uploads\/2025\/10\/Knef_DLP_2-600x600.jpeg 600w, https:\/\/smago.de\/ws2\/wp-content\/uploads\/2025\/10\/Knef_DLP_2-130x130.jpeg 130w, https:\/\/smago.de\/ws2\/wp-content\/uploads\/2025\/10\/Knef_DLP_2-445x445.jpeg 445w, https:\/\/smago.de\/ws2\/wp-content\/uploads\/2025\/10\/Knef_DLP_2-190x190.jpeg 190w, https:\/\/smago.de\/ws2\/wp-content\/uploads\/2025\/10\/Knef_DLP_2-290x290.jpeg 290w, https:\/\/smago.de\/ws2\/wp-content\/uploads\/2025\/10\/Knef_DLP_2.jpeg 1500w\" sizes=\"(max-width: 800px) 100vw, 800px\" \/><\/p>\n","protected":false},"excerpt":{"rendered":"<p>&#8222;Die Knef&#8220; w\u00e4re am 28.12.2025 100 Jahre alt geworden! ACHTUNG: Diese Edition ist auf 1.000 St\u00fcck limitiert und \u2013\u00a0 nummeriert!<\/p>\n","protected":false},"author":2,"featured_media":249532,"comment_status":"open","ping_status":"closed","sticky":false,"template":"","format":"standard","meta":{"_FSMCFIC_featured_image_caption":"","_FSMCFIC_featured_image_nocaption":"","_FSMCFIC_featured_image_hide":""},"categories":[21,24],"tags":[1552],"acf":[],"_links":{"self":[{"href":"https:\/\/smago.de\/ws2\/wp-json\/wp\/v2\/posts\/249531"}],"collection":[{"href":"https:\/\/smago.de\/ws2\/wp-json\/wp\/v2\/posts"}],"about":[{"href":"https:\/\/smago.de\/ws2\/wp-json\/wp\/v2\/types\/post"}],"author":[{"embeddable":true,"href":"https:\/\/smago.de\/ws2\/wp-json\/wp\/v2\/users\/2"}],"replies":[{"embeddable":true,"href":"https:\/\/smago.de\/ws2\/wp-json\/wp\/v2\/comments?post=249531"}],"version-history":[{"count":2,"href":"https:\/\/smago.de\/ws2\/wp-json\/wp\/v2\/posts\/249531\/revisions"}],"predecessor-version":[{"id":249536,"href":"https:\/\/smago.de\/ws2\/wp-json\/wp\/v2\/posts\/249531\/revisions\/249536"}],"wp:featuredmedia":[{"embeddable":true,"href":"https:\/\/smago.de\/ws2\/wp-json\/wp\/v2\/media\/249532"}],"wp:attachment":[{"href":"https:\/\/smago.de\/ws2\/wp-json\/wp\/v2\/media?parent=249531"}],"wp:term":[{"taxonomy":"category","embeddable":true,"href":"https:\/\/smago.de\/ws2\/wp-json\/wp\/v2\/categories?post=249531"},{"taxonomy":"post_tag","embeddable":true,"href":"https:\/\/smago.de\/ws2\/wp-json\/wp\/v2\/tags?post=249531"}],"curies":[{"name":"wp","href":"https:\/\/api.w.org\/{rel}","templated":true}]}}