{"id":249514,"date":"2025-10-23T00:00:37","date_gmt":"2025-10-22T22:00:37","guid":{"rendered":"https:\/\/smago.de\/ws2\/?p=249514"},"modified":"2025-10-22T14:22:04","modified_gmt":"2025-10-22T12:22:04","slug":"julia-raich-am-24-10-2025-folgt-ihr-neuer-titel-ich-will-nur","status":"publish","type":"post","link":"https:\/\/smago.de\/ws2\/pop-schlager\/julia-raich-am-24-10-2025-folgt-ihr-neuer-titel-ich-will-nur\/","title":{"rendered":"JULIA RAICH <br>Am 24.10.2025 folgt ihr neuer Titel \u201eIch will nur\u201c!"},"content":{"rendered":"<p>Ein Song, der den Schlager neu denkt, ihn auf Links dreht und mit modernen Sounds und K-Pop-Elementen auf ein v\u00f6llig neues Level hebt!<!--more--><\/p>\n<p>&nbsp;<\/p>\n<p style=\"text-align: justify;\">\n<p style=\"text-align: justify;\">\n<p style=\"text-align: justify;\">Nach dem kraftvollen Rebranding mit ihrer Single \u201eQueen.\u201c (30.05.2025), mit dem die ehemalige Schlagerprinzessin mutig zur Queen. avancierte, setzt JULIA RAICH nun den n\u00e4chsten Meilenstein ihrer Karriere:<\/p>\n<p style=\"text-align: justify;\">Am 24.10.2025 erscheint ihre neue Single \u201eIch will nur\u201c \u2013 ein Song, der den Schlager neu denkt, ihn auf Links dreht und mit modernen Sounds und K-Pop-Elementen auf ein v\u00f6llig neues Level hebt.<\/p>\n<p style=\"text-align: justify;\">Bereits in \u201eQueen.\u201c zeigte Julia Raich, dass sie keine Kompromisse mehr eingeht. Mit Starproduzent Hermann Niesig (Soundvision\u00e4r mit \u00fcber 100 Chartplatzierungen und zahlreichen Gold- und Platinauszeichnungen) und ihrer Managerin Karin Galinski (Mike\u2019s Music Media) an der Seite wagt sie eine musikalische Revolution, die den deutschsprachigen Pop-Schlager nachhaltig ver\u00e4ndern wird.<\/p>\n<p style=\"text-align: justify;\">Julia Raich \u2013 Der Vibe des neuen Schlagers.<\/p>\n<p style=\"text-align: justify;\">Mit \u201eIch will nur\u201c sprengt sie alle Erwartungen! Ein Song wie ein Flirt \u2013 mit \u00fcberraschendem Twist \u201eIch will nur\u201c beginnt wie die perfekte Hymne auf einen hei\u00dfen Flirt, auf dieses elektrisierende Kribbeln zwischen zwei Menschen. Doch dann nimmt die Geschichte eine Wendung, die niemand erwartet \u2013 emotional, mitrei\u00dfend und voller Energie.<\/p>\n<p style=\"text-align: justify;\">Julia Raich schafft es, den H\u00f6rer in eine Story hineinzuziehen, die am Ende mehr ist als ein Spiel der Sinne: Es ist ein Song \u00fcber Freiheit, Selbstbestimmung und Leidenschaft \u2013 ein St\u00fcck Female Empowerment im modernen Sound-Gewand.<\/p>\n<p style=\"text-align: justify;\">Julia Raich \u2013 eine K\u00fcnstlerin, die alles hat. Sie passt in keine Schablone und folgt keinem glattpliertem Schema. Sie ist echt, kantig, unberechenbar \u2013 und genau deshalb so spannend. Mit ihrer unverwechselbaren Stimme, B\u00fchnenerfahrung und Ausstrahlung \u00fcberzeugt Julia l\u00e4ngst \u00fcber die Grenzen \u00d6sterreichs hinaus: Ob als Titelstar im Hochglanzmagazin \u201ehossa!\u201c oder auf dem Cover von \u201eDie Nieder\u00f6sterreicherin\u201c, ob im Fachmagazin Musikwoche, der Musikpost, in gro\u00dfen Features bei Heute.at oder in Portr\u00e4ts der Morgenpost: Julia Raich begeistert Medienmacher genauso wie ihr Publikum. Julia Raich ist nicht nur im ORF \u2013 etwa bei \u201eStudio 2\u201c, \u201eGuten Morgen \u00d6sterreich\u201c oder \u201eSeitenblicke\u201c \u2013 ein gern gesehener Gast, sondern auch als echter Media-Allrounder in regionalen TV-Formaten in Deutschland, \u00d6sterreich und der Schweiz pr\u00e4sent.<\/p>\n<p style=\"text-align: justify;\">Sie liebt gro\u00dfe B\u00fchnen: als Support bei der &#8222;STARnacht am Neusiedlersee&#8220; 2024, in der Wachau 2025 \u2013 und mit einem TikTok-Clip ihres STARnacht-Auftritts, der \u00fcber 500.000 Views erreichte, ging sie viral.<\/p>\n<p style=\"text-align: justify;\">Auch an der Seite von Gr\u00f6\u00dfen wie Heino, J\u00fcrgen Drews, den Kastelruther Spatzen oder den Nockis brachte sie das Publikum schon in Stimmung. Mit jahrelanger Musical-Erfahrung und als Gewinnerin des \u201eOpening-Newcomer\u201c-Contests im MEGAPARK Mallorca lebt sie das Unangepasste \u2013 denn das ist ihre Komfortzone.<\/p>\n<p style=\"text-align: justify;\">\u201eIch will nur\u201c dr\u00fcckt musikalisch Julia Raich vielleicht besser aus, als es jeder andere Single von ihr jemals getan hat.<\/p>\n<p style=\"text-align: justify;\">Mit dem starken Label und Management-Team von hermann niesig und Mike\u2019s Music Media schlagen wir das musikalische Kapitel 2 im Jahr 2025 auf.<\/p>\n<p style=\"text-align: justify;\">Unangepasst und faszinierend.<\/p>\n","protected":false},"excerpt":{"rendered":"<p>Ein Song, der den Schlager neu denkt, ihn auf Links dreht und mit modernen Sounds und K-Pop-Elementen auf ein v\u00f6llig<\/p>\n","protected":false},"author":2,"featured_media":249515,"comment_status":"open","ping_status":"closed","sticky":false,"template":"","format":"standard","meta":{"_FSMCFIC_featured_image_caption":"","_FSMCFIC_featured_image_nocaption":"","_FSMCFIC_featured_image_hide":""},"categories":[28],"tags":[2332],"acf":[],"_links":{"self":[{"href":"https:\/\/smago.de\/ws2\/wp-json\/wp\/v2\/posts\/249514"}],"collection":[{"href":"https:\/\/smago.de\/ws2\/wp-json\/wp\/v2\/posts"}],"about":[{"href":"https:\/\/smago.de\/ws2\/wp-json\/wp\/v2\/types\/post"}],"author":[{"embeddable":true,"href":"https:\/\/smago.de\/ws2\/wp-json\/wp\/v2\/users\/2"}],"replies":[{"embeddable":true,"href":"https:\/\/smago.de\/ws2\/wp-json\/wp\/v2\/comments?post=249514"}],"version-history":[{"count":2,"href":"https:\/\/smago.de\/ws2\/wp-json\/wp\/v2\/posts\/249514\/revisions"}],"predecessor-version":[{"id":249517,"href":"https:\/\/smago.de\/ws2\/wp-json\/wp\/v2\/posts\/249514\/revisions\/249517"}],"wp:featuredmedia":[{"embeddable":true,"href":"https:\/\/smago.de\/ws2\/wp-json\/wp\/v2\/media\/249515"}],"wp:attachment":[{"href":"https:\/\/smago.de\/ws2\/wp-json\/wp\/v2\/media?parent=249514"}],"wp:term":[{"taxonomy":"category","embeddable":true,"href":"https:\/\/smago.de\/ws2\/wp-json\/wp\/v2\/categories?post=249514"},{"taxonomy":"post_tag","embeddable":true,"href":"https:\/\/smago.de\/ws2\/wp-json\/wp\/v2\/tags?post=249514"}],"curies":[{"name":"wp","href":"https:\/\/api.w.org\/{rel}","templated":true}]}}