{"id":249486,"date":"2025-10-22T00:00:30","date_gmt":"2025-10-21T22:00:30","guid":{"rendered":"https:\/\/smago.de\/ws2\/?p=249486"},"modified":"2025-10-21T23:54:52","modified_gmt":"2025-10-21T21:54:52","slug":"stefan-raab-heute-22-10-2025-rtl-die-stefan-raab-show","status":"publish","type":"post","link":"https:\/\/smago.de\/ws2\/nonsens\/stefan-raab-heute-22-10-2025-rtl-die-stefan-raab-show\/","title":{"rendered":"STEFAN RAAB <br>Heute (22.10.2025), RTL: &#8222;Die Stefan Raab Show&#8220;!"},"content":{"rendered":"<p>20:15 Uhr &#8211; 21:30 Uhr!<br \/>\n<!--more--><\/p>\n<p>&nbsp;<\/p>\n<p>&nbsp;<\/p>\n<p style=\"text-align: justify;\">Was passiert wohl, wenn Stefan Raab hungrige Besucher vor einem M\u00f6belhaus bittet, ihm einen Hot Dog mitzubringen? \u2013 Die lustige Aufl\u00f6sung heute in DSRS! In einer launigen Stra\u00dfenumfrage anl\u00e4sslich der Frankfurter Buchmesse zum Thema &#8222;B\u00fccher&#8220; gibt es \u00fcberraschende Antworten.<\/p>\n<p>Und nat\u00fcrlich darf zu Beginn der Show das Stand-Up von Stefan mit witzigen TV- und Internet-Ausschnitten nicht fehlen.<\/p>\n<p>&nbsp;<\/p>\n<p>&nbsp;<\/p>\n<figure id=\"attachment_249488\" aria-describedby=\"caption-attachment-249488\" style=\"width: 800px\" class=\"wp-caption alignnone\"><img decoding=\"async\" loading=\"lazy\" class=\"size-large wp-image-249488\" src=\"https:\/\/smago.de\/ws2\/wp-content\/uploads\/2025\/10\/CDADC-2-800x450.jpg\" alt=\"\" width=\"800\" height=\"450\" srcset=\"https:\/\/smago.de\/ws2\/wp-content\/uploads\/2025\/10\/CDADC-2-800x450.jpg 800w, https:\/\/smago.de\/ws2\/wp-content\/uploads\/2025\/10\/CDADC-2-522x294.jpg 522w, https:\/\/smago.de\/ws2\/wp-content\/uploads\/2025\/10\/CDADC-2-267x150.jpg 267w, https:\/\/smago.de\/ws2\/wp-content\/uploads\/2025\/10\/CDADC-2-768x432.jpg 768w, https:\/\/smago.de\/ws2\/wp-content\/uploads\/2025\/10\/CDADC-2-1536x864.jpg 1536w, https:\/\/smago.de\/ws2\/wp-content\/uploads\/2025\/10\/CDADC-2-2048x1152.jpg 2048w, https:\/\/smago.de\/ws2\/wp-content\/uploads\/2025\/10\/CDADC-2-392x221.jpg 392w, https:\/\/smago.de\/ws2\/wp-content\/uploads\/2025\/10\/CDADC-2-130x73.jpg 130w, https:\/\/smago.de\/ws2\/wp-content\/uploads\/2025\/10\/CDADC-2-791x445.jpg 791w, https:\/\/smago.de\/ws2\/wp-content\/uploads\/2025\/10\/CDADC-2-870x489.jpg 870w, https:\/\/smago.de\/ws2\/wp-content\/uploads\/2025\/10\/CDADC-2-292x164.jpg 292w, https:\/\/smago.de\/ws2\/wp-content\/uploads\/2025\/10\/CDADC-2-435x245.jpg 435w, https:\/\/smago.de\/ws2\/wp-content\/uploads\/2025\/10\/CDADC-2-895x503.jpg 895w\" sizes=\"(max-width: 800px) 100vw, 800px\" \/><figcaption id=\"caption-attachment-249488\" class=\"wp-caption-text\"><em>Die Stefan Raab Show<\/em><\/p>\n<p><em>Foto-Credit: RTL<\/em><\/p>\n<p><em>Bitte beachten Sie auch <strong><a href=\"http:\/\/www.rtlplus.de\">RTL+<\/a><\/strong>!<\/em><\/figcaption><\/figure>\n","protected":false},"excerpt":{"rendered":"<p>20:15 Uhr &#8211; 21:30 Uhr!<\/p>\n","protected":false},"author":2,"featured_media":249488,"comment_status":"open","ping_status":"closed","sticky":false,"template":"","format":"standard","meta":{"_FSMCFIC_featured_image_caption":"","_FSMCFIC_featured_image_nocaption":"","_FSMCFIC_featured_image_hide":""},"categories":[23],"tags":[507],"acf":[],"_links":{"self":[{"href":"https:\/\/smago.de\/ws2\/wp-json\/wp\/v2\/posts\/249486"}],"collection":[{"href":"https:\/\/smago.de\/ws2\/wp-json\/wp\/v2\/posts"}],"about":[{"href":"https:\/\/smago.de\/ws2\/wp-json\/wp\/v2\/types\/post"}],"author":[{"embeddable":true,"href":"https:\/\/smago.de\/ws2\/wp-json\/wp\/v2\/users\/2"}],"replies":[{"embeddable":true,"href":"https:\/\/smago.de\/ws2\/wp-json\/wp\/v2\/comments?post=249486"}],"version-history":[{"count":1,"href":"https:\/\/smago.de\/ws2\/wp-json\/wp\/v2\/posts\/249486\/revisions"}],"predecessor-version":[{"id":249489,"href":"https:\/\/smago.de\/ws2\/wp-json\/wp\/v2\/posts\/249486\/revisions\/249489"}],"wp:featuredmedia":[{"embeddable":true,"href":"https:\/\/smago.de\/ws2\/wp-json\/wp\/v2\/media\/249488"}],"wp:attachment":[{"href":"https:\/\/smago.de\/ws2\/wp-json\/wp\/v2\/media?parent=249486"}],"wp:term":[{"taxonomy":"category","embeddable":true,"href":"https:\/\/smago.de\/ws2\/wp-json\/wp\/v2\/categories?post=249486"},{"taxonomy":"post_tag","embeddable":true,"href":"https:\/\/smago.de\/ws2\/wp-json\/wp\/v2\/tags?post=249486"}],"curies":[{"name":"wp","href":"https:\/\/api.w.org\/{rel}","templated":true}]}}