{"id":249328,"date":"2025-10-18T23:59:11","date_gmt":"2025-10-18T21:59:11","guid":{"rendered":"https:\/\/smago.de\/ws2\/?p=249328"},"modified":"2025-10-18T17:25:33","modified_gmt":"2025-10-18T15:25:33","slug":"stefan-weger-mit-seiner-debuet-single-steh-wieder-auf-moechte-er-mut-machen","status":"publish","type":"post","link":"https:\/\/smago.de\/ws2\/pop\/stefan-weger-mit-seiner-debuet-single-steh-wieder-auf-moechte-er-mut-machen\/","title":{"rendered":"STEFAN WEGER <br>Mit seiner Deb\u00fct-Single &#8222;Steh wieder auf&#8220; m\u00f6chte er Mut machen!"},"content":{"rendered":"<p style=\"text-align: justify;\">Mit seiner eindringlichen Stimme und einem Refrain, der Mut macht, richtet sich Stefan Weger an alle, die gerade Halt suchen \u2013 und erinnert daran, dass niemand mit den Herausforderungen des Lebens allein ist!<br \/>\n<!--more--><\/p>\n<p>&nbsp;<\/p>\n<p>&nbsp;<\/p>\n<p style=\"text-align: justify;\">\n<p style=\"text-align: justify;\">Stefan Weger ist ein \u00f6sterreichischer S\u00e4nger. Seine Musik bewegt sich im Bereich Deutschpop und \u00fcberzeugt durch ehrliche Texte, eing\u00e4ngige Melodien und eine klare, emotionale Stimme.<\/p>\n<p style=\"text-align: justify;\">Schon fr\u00fch entdeckte er seine Leidenschaft f\u00fcr Musik und sammelte Erfahrungen in verschiedenen Projekten \u2013 sowohl live als auch im Studio. Diese Vielfalt pr\u00e4gt seinen heutigen Stil, den er nun in seiner eigenen k\u00fcnstlerischen Identit\u00e4t vereint.<\/p>\n<p style=\"text-align: justify;\">Mit seinen Songs m\u00f6chte Stefan Weger Menschen ber\u00fchren, ihnen Mut machen und Geschichten erz\u00e4hlen, die direkt aus dem Leben gegriffen sind. Er verbindet pers\u00f6nliche Erfahrungen mit universellen Themen wie Liebe, Hoffnung und Neuanfang \u2013 stets getragen von einer positiven Grundhaltung.<\/p>\n<p style=\"text-align: justify;\">Mit seiner Deb\u00fct-Single \u201eSteh wieder auf\u201c ver\u00f6ffentlicht Stefan Weger eine Hymne f\u00fcr all jene, die im Leben k\u00e4mpfen, st\u00fcrzen und dennoch weitermachen. Der Song schenkt Kraft und Zuversicht, erz\u00e4hlt von Schmerz, Niederlagen und Zweifeln \u2013 aber vor allem von der St\u00e4rke, immer wieder aufzustehen und den eigenen Weg weiterzugehen.<\/p>\n<p style=\"text-align: justify;\">Die Mischung aus emotionalem Pop-Sound und ehrlichen, deutschsprachigen Texten macht \u201eSteh wieder auf\u201c zu einem Lied, das tief unter die Haut geht. Mit seiner eindringlichen Stimme und einem Refrain, der Mut macht, richtet sich Stefan Weger an alle, die gerade Halt suchen \u2013 und erinnert daran, dass niemand mit den Herausforderungen des Lebens allein ist.<\/p>\n<p style=\"text-align: justify;\">\u201eSteh wieder auf\u201c ist auf allen g\u00e4ngigen Streaming-Plattformen erh\u00e4ltlich.<\/p>\n","protected":false},"excerpt":{"rendered":"<p>Mit seiner eindringlichen Stimme und einem Refrain, der Mut macht, richtet sich Stefan Weger an alle, die gerade Halt suchen<\/p>\n","protected":false},"author":2,"featured_media":249334,"comment_status":"open","ping_status":"closed","sticky":false,"template":"","format":"standard","meta":{"_FSMCFIC_featured_image_caption":"","_FSMCFIC_featured_image_nocaption":"","_FSMCFIC_featured_image_hide":""},"categories":[27],"tags":[4757],"acf":[],"_links":{"self":[{"href":"https:\/\/smago.de\/ws2\/wp-json\/wp\/v2\/posts\/249328"}],"collection":[{"href":"https:\/\/smago.de\/ws2\/wp-json\/wp\/v2\/posts"}],"about":[{"href":"https:\/\/smago.de\/ws2\/wp-json\/wp\/v2\/types\/post"}],"author":[{"embeddable":true,"href":"https:\/\/smago.de\/ws2\/wp-json\/wp\/v2\/users\/2"}],"replies":[{"embeddable":true,"href":"https:\/\/smago.de\/ws2\/wp-json\/wp\/v2\/comments?post=249328"}],"version-history":[{"count":3,"href":"https:\/\/smago.de\/ws2\/wp-json\/wp\/v2\/posts\/249328\/revisions"}],"predecessor-version":[{"id":249335,"href":"https:\/\/smago.de\/ws2\/wp-json\/wp\/v2\/posts\/249328\/revisions\/249335"}],"wp:featuredmedia":[{"embeddable":true,"href":"https:\/\/smago.de\/ws2\/wp-json\/wp\/v2\/media\/249334"}],"wp:attachment":[{"href":"https:\/\/smago.de\/ws2\/wp-json\/wp\/v2\/media?parent=249328"}],"wp:term":[{"taxonomy":"category","embeddable":true,"href":"https:\/\/smago.de\/ws2\/wp-json\/wp\/v2\/categories?post=249328"},{"taxonomy":"post_tag","embeddable":true,"href":"https:\/\/smago.de\/ws2\/wp-json\/wp\/v2\/tags?post=249328"}],"curies":[{"name":"wp","href":"https:\/\/api.w.org\/{rel}","templated":true}]}}