{"id":249171,"date":"2025-10-17T00:00:07","date_gmt":"2025-10-16T22:00:07","guid":{"rendered":"https:\/\/smago.de\/ws2\/?p=249171"},"modified":"2025-10-16T12:41:04","modified_gmt":"2025-10-16T10:41:04","slug":"christin-stark-heute-17-10-2025-mdr-fernsehen-die-schlagerhitparade","status":"publish","type":"post","link":"https:\/\/smago.de\/ws2\/pop-schlager\/christin-stark-heute-17-10-2025-mdr-fernsehen-die-schlagerhitparade\/","title":{"rendered":"CHRISTIN STARK <br>Heute (17.10.2025), MDR Fernsehen: &#8222;Die Schlagerhitparade&#8220;!"},"content":{"rendered":"<p>20:15 Uhr &#8211; 21:45 Uhr (Wh.: 19.\/20.10., 01:10 Uhr &#8211; 02:40 Uhr)! G\u00e4ste im Studio &#8230;:<br \/>\n<!--more--><\/p>\n<p>&nbsp;<\/p>\n<p style=\"text-align: justify;\">\n<p style=\"text-align: justify;\">\n<p style=\"text-align: justify;\">Seit M\u00e4rz 2025 gibt es &#8222;Die Schlagerhitparade&#8220; im MDR-Fernsehen. Pr\u00e4sentiert werden darin aktuelle und angesagte Schlager, die am h\u00e4ufigsten gespielten monatlichen Schlager-H\u00f6rfunkhits aus den Airplay Charts &#8222;Deutschland Konservativ Pop&#8220; und das Beste aus der &#8222;ARD-Schlagerhitparade&#8220;. Diese wird seit Anfang Januar 2025 w\u00f6chentlich von den H\u00f6rern der ARD-Schlagerwellen bestimmt.<\/p>\n<p style=\"text-align: justify;\">Pr\u00e4sentiert wird die Schlagerhitparade von Christin Stark, der Powerfrau des deutschen Schlagers. Gastgeberin und Moderatorin Christin Stark steht f\u00fcr den modernen, rockigen Schlager und wird in ihren Sendungen auf die ganz frischen Hits der Szene, die legend\u00e4ren Hitparaden-Oldies und besonders gern auf die besten Newcomer der Branche blicken. Die Rubrik &#8222;Stark und neu&#8220; ist weiterhin ein fester Bestandteil der Sendung und gibt jungen Schlagertalenten und musikalischen Neuentdeckungen die Chance, sich vor einem gro\u00dfen Publikum zu pr\u00e4sentieren.<\/p>\n<p style=\"text-align: justify;\">Zu Gast im Studio sind diesmal Tanja Lasch und Sonia Liebing.<\/p>\n<p style=\"text-align: justify;\">Die Schlagerhitparade gibt es vorab in der ARD-Mediathek.<\/p>\n<p style=\"text-align: justify;\">\n","protected":false},"excerpt":{"rendered":"<p>20:15 Uhr &#8211; 21:45 Uhr (Wh.: 19.\/20.10., 01:10 Uhr &#8211; 02:40 Uhr)! G\u00e4ste im Studio &#8230;:<\/p>\n","protected":false},"author":2,"featured_media":249172,"comment_status":"open","ping_status":"closed","sticky":false,"template":"","format":"standard","meta":{"_FSMCFIC_featured_image_caption":"","_FSMCFIC_featured_image_nocaption":"","_FSMCFIC_featured_image_hide":""},"categories":[28,29,128],"tags":[584,4495,329],"acf":[],"_links":{"self":[{"href":"https:\/\/smago.de\/ws2\/wp-json\/wp\/v2\/posts\/249171"}],"collection":[{"href":"https:\/\/smago.de\/ws2\/wp-json\/wp\/v2\/posts"}],"about":[{"href":"https:\/\/smago.de\/ws2\/wp-json\/wp\/v2\/types\/post"}],"author":[{"embeddable":true,"href":"https:\/\/smago.de\/ws2\/wp-json\/wp\/v2\/users\/2"}],"replies":[{"embeddable":true,"href":"https:\/\/smago.de\/ws2\/wp-json\/wp\/v2\/comments?post=249171"}],"version-history":[{"count":2,"href":"https:\/\/smago.de\/ws2\/wp-json\/wp\/v2\/posts\/249171\/revisions"}],"predecessor-version":[{"id":249174,"href":"https:\/\/smago.de\/ws2\/wp-json\/wp\/v2\/posts\/249171\/revisions\/249174"}],"wp:featuredmedia":[{"embeddable":true,"href":"https:\/\/smago.de\/ws2\/wp-json\/wp\/v2\/media\/249172"}],"wp:attachment":[{"href":"https:\/\/smago.de\/ws2\/wp-json\/wp\/v2\/media?parent=249171"}],"wp:term":[{"taxonomy":"category","embeddable":true,"href":"https:\/\/smago.de\/ws2\/wp-json\/wp\/v2\/categories?post=249171"},{"taxonomy":"post_tag","embeddable":true,"href":"https:\/\/smago.de\/ws2\/wp-json\/wp\/v2\/tags?post=249171"}],"curies":[{"name":"wp","href":"https:\/\/api.w.org\/{rel}","templated":true}]}}