{"id":249146,"date":"2025-10-17T00:00:28","date_gmt":"2025-10-16T22:00:28","guid":{"rendered":"https:\/\/smago.de\/ws2\/?p=249146"},"modified":"2025-10-15T16:44:41","modified_gmt":"2025-10-15T14:44:41","slug":"santiano-da-braut-sich-was-zusammen-tanzen-wie-die-teufel","status":"publish","type":"post","link":"https:\/\/smago.de\/ws2\/party-schlager\/santiano-da-braut-sich-was-zusammen-tanzen-wie-die-teufel\/","title":{"rendered":"SANTIANO <br>&#8222;Da braut sich was zusammen&#8220;: &#8222;Tanzen wie die Teufel&#8220;!"},"content":{"rendered":"<p>Der Titel &#8222;Tanzen wie die Teufel&#8220; ist der erste Vorbote des neuen Albums &#8222;Da braut sich was zusammen&#8220; &#8230;!<br \/>\n<!--more--><\/p>\n<p>&nbsp;<\/p>\n<p style=\"text-align: justify;\">\n<p style=\"text-align: justify;\">\n<p style=\"text-align: justify;\">Am Horizont ziehen dunkle Wolken auf \u2013 ein Bild, das auch SANTIANO\u00a0mit Sorge betrachten. Die Shanty-Rock-Superstars haben in den vergangenen Jahren so manchen Sturm \u00fcberstanden und stellen sich nun einer neuen Herausforderung.<\/p>\n<p>Die Single \u201eTanzen wie die Teufel\u201c, ist der kraftvolle Opener des neuen Albums. Sie verbindet treibende Gitarren, schwere Drums und eine mitrei\u00dfende Irish-Folk-Melodie zu einer Hymne auf das Leben \u2013 und erinnert daran, jeden Moment auszukosten.<\/p>\n<p style=\"font-weight: 400; text-align: justify;\">Das neue Album \u201eDa braut sich was zusammen\u201c ist ein klares Bekenntnis in bewegten Zeiten. Santiano \u00e4u\u00dfern deutlicher denn je ihre Haltung zu politischen und gesellschaftlichen Entwicklungen, die den Werten widersprechen, f\u00fcr die ihr Schiff steht: Zusammenhalt, Respekt, Anstand, Wahrhaftigkeit \u2013 und eine Freiheit, die Verantwortung einschlie\u00dft.<\/p>\n<p style=\"font-weight: 400; text-align: justify;\">Santiano stehen wie kaum eine andere Band f\u00fcr Gemeinschaft, Mut und Zuversicht \u2013 Werte, die sie seit jeher an ihr Publikum weitergeben. Mit ihrer einzigartigen Mischung aus Rock, traditionellen Shanty-Einfl\u00fcssen, Irish-Folk-Elementen und eing\u00e4ngigen Pop-Melodien begeistern sie Menschen aller Generationen. \u00dcber 5,5 Millionen verkaufte Einheiten ihrer acht aufeinanderfolgenden Nummer-1-Alben, weit mehr als 1 Milliarde globaler Streams und mehr als 1,5 Millionen Tickets f\u00fcr \u00fcber 500 Konzerte sprechen f\u00fcr sich.<\/p>\n<p style=\"font-weight: 400;\">\n<p>&nbsp;<\/p>\n<p>&nbsp;<\/p>\n<p style=\"font-weight: 400;\"><strong>Die gro\u00dfe Arena Tour 2026<\/strong><\/p>\n<p style=\"font-weight: 400;\"><strong>\u00a0<\/strong><\/p>\n<p>&nbsp;<\/p>\n<p style=\"font-weight: 400;\">17.03.2026 &#8211; Riesa<\/p>\n<p style=\"font-weight: 400;\">18.03.2026 &#8211; Erfurt<\/p>\n<p style=\"font-weight: 400;\">20.03.2026 &#8211; Schwerin<\/p>\n<p style=\"font-weight: 400;\">21.03.2026 &#8211; Braunschweig<\/p>\n<p style=\"font-weight: 400;\">22.03.2026 &#8211; Hamburg<\/p>\n<p style=\"font-weight: 400;\">24.03.2026 &#8211; Oberhausen<\/p>\n<p style=\"font-weight: 400;\">25.03.2026 &#8211; Stuttgart<\/p>\n<p style=\"font-weight: 400;\">27.03.2026 &#8211; Chemnitz<\/p>\n<p style=\"font-weight: 400;\">28.03.2026 &#8211; N\u00fcrnberg<\/p>\n<p style=\"font-weight: 400;\">29.03.2026 &#8211; Hannover<\/p>\n<p style=\"font-weight: 400;\">10.04.2026 &#8211; Kiel<\/p>\n<p style=\"font-weight: 400;\">11.04.2026 &#8211; Berlin<\/p>\n<p style=\"font-weight: 400;\">12.04.2026 &#8211; K\u00f6ln<\/p>\n<p style=\"font-weight: 400;\">15.04.2026 &#8211; Leipzig<\/p>\n<p style=\"font-weight: 400;\">16.04.2026 &#8211; Bremen<\/p>\n<p style=\"font-weight: 400;\">18.04.2026 &#8211; Mannheim<\/p>\n<p style=\"font-weight: 400;\">19.04.2026 &#8211; Frankfurt<\/p>\n<p style=\"font-weight: 400;\">21.04.2026 &#8211; Oldenburg<\/p>\n<p style=\"font-weight: 400;\">22.04.2026 &#8211; Rostock<\/p>\n<p style=\"font-weight: 400;\">24.04.2026 &#8211; Dortmund<\/p>\n<p style=\"font-weight: 400;\">25.04.2026 &#8211; Magdeburg<\/p>\n<p style=\"font-weight: 400;\">09.05.2026 &#8211; Bad Segeberg<\/p>\n<p style=\"font-weight: 400;\"><strong>\u00a0<\/strong><\/p>\n<p style=\"font-weight: 400;\">\n<p style=\"text-align: center;\"><strong>&#8222;Tanzen wie die Teufel&#8220; &#8211; 3:18 <\/strong><\/p>\n<p style=\"text-align: center;\">(Written by Hartmut Krech, Mark Nissen; Lyrics by Jovanka von Wilsdorf;<\/p>\n<p style=\"text-align: center;\">Published By: Elephanten Edition \/ AIRFORCE1 Music Publishing \/ EMI Music Publishing \/ Edition Joka Music)<br \/>\n<strong>Produced by Elephant Music<\/strong><br \/>\nAn Electrola release + recording; (P) 2025 Santiano GbR, under exclusive license to Universal Music GmbH<\/p>\n","protected":false},"excerpt":{"rendered":"<p>Der Titel &#8222;Tanzen wie die Teufel&#8220; ist der erste Vorbote des neuen Albums &#8222;Da braut sich was zusammen&#8220; &#8230;!<\/p>\n","protected":false},"author":2,"featured_media":249147,"comment_status":"open","ping_status":"closed","sticky":false,"template":"","format":"standard","meta":{"_FSMCFIC_featured_image_caption":"","_FSMCFIC_featured_image_nocaption":"","_FSMCFIC_featured_image_hide":""},"categories":[26],"tags":[587],"acf":[],"_links":{"self":[{"href":"https:\/\/smago.de\/ws2\/wp-json\/wp\/v2\/posts\/249146"}],"collection":[{"href":"https:\/\/smago.de\/ws2\/wp-json\/wp\/v2\/posts"}],"about":[{"href":"https:\/\/smago.de\/ws2\/wp-json\/wp\/v2\/types\/post"}],"author":[{"embeddable":true,"href":"https:\/\/smago.de\/ws2\/wp-json\/wp\/v2\/users\/2"}],"replies":[{"embeddable":true,"href":"https:\/\/smago.de\/ws2\/wp-json\/wp\/v2\/comments?post=249146"}],"version-history":[{"count":1,"href":"https:\/\/smago.de\/ws2\/wp-json\/wp\/v2\/posts\/249146\/revisions"}],"predecessor-version":[{"id":249148,"href":"https:\/\/smago.de\/ws2\/wp-json\/wp\/v2\/posts\/249146\/revisions\/249148"}],"wp:featuredmedia":[{"embeddable":true,"href":"https:\/\/smago.de\/ws2\/wp-json\/wp\/v2\/media\/249147"}],"wp:attachment":[{"href":"https:\/\/smago.de\/ws2\/wp-json\/wp\/v2\/media?parent=249146"}],"wp:term":[{"taxonomy":"category","embeddable":true,"href":"https:\/\/smago.de\/ws2\/wp-json\/wp\/v2\/categories?post=249146"},{"taxonomy":"post_tag","embeddable":true,"href":"https:\/\/smago.de\/ws2\/wp-json\/wp\/v2\/tags?post=249146"}],"curies":[{"name":"wp","href":"https:\/\/api.w.org\/{rel}","templated":true}]}}