{"id":249109,"date":"2025-10-14T19:39:11","date_gmt":"2025-10-14T17:39:11","guid":{"rendered":"https:\/\/smago.de\/ws2\/?p=249109"},"modified":"2025-10-14T19:41:30","modified_gmt":"2025-10-14T17:41:30","slug":"christin-stark-mdr-bestaetigt-aus-fuer-die-schlagerparade-im-mdr-fernsehen","status":"publish","type":"post","link":"https:\/\/smago.de\/ws2\/pop-schlager\/christin-stark-mdr-bestaetigt-aus-fuer-die-schlagerparade-im-mdr-fernsehen\/","title":{"rendered":"CHRISTIN STARK <br>MDR best\u00e4tigt Aus f\u00fcr &#8222;Die Schlagerparade&#8220; im MDR Fernsehen!"},"content":{"rendered":"<p>Was Christin selbst dazu sagt &#8230;:<br \/>\n<!--more--><\/p>\n<p style=\"text-align: justify;\">\n<p style=\"text-align: justify;\">\n<p style=\"text-align: justify;\">Der MDR hat zwischenzeitlich das Aus f\u00fcr &#8222;Die Schlagerparade&#8220; im MDR Fernsehen best\u00e4tigt. <em>smago!<\/em> Leser wissen es im Grunde genommen bereits seit dem 10.10.2025, wie Sie <strong><a href=\"https:\/\/smago.de\/ws2\/pop-schlager\/christin-stark-wird-die-schlagerparade-noch-in-diesem-jahr-eingestellt\/\">HIER<\/a><\/strong> nachlesen k\u00f6nnen.<\/p>\n<p style=\"text-align: justify;\">Wie &#8222;Schlagerprofi&#8220; Stephan Imming berichtet, hat der MDR folgende Stellungnahme hierzu abgegeben:<\/p>\n<p>&nbsp;<\/p>\n<p>&nbsp;<\/p>\n<p style=\"text-align: justify;\"><em>Wie alle modernen Medienh\u00e4user entwickelt auch der MDR sein publizistisches Angebotsportfolio kontinuierlich im Sinne des Publikums weiter. Denn die Interessen und Bed\u00fcrfnisse in der Mediennutzung ver\u00e4ndern sich rasant, bekannterma\u00dfen steigt die Nutzung digitaler Formate stetig. Darauf hat sich nat\u00fcrlich auch der MDR mit seinen Produktionen eingestellt. Mit unseren Redaktionen, Partnerinnen und Partnern sind wir dazu fortw\u00e4hrend in einem verantwortungsvollen Austausch. Kommen neue Formate hinzu, m\u00fcssen \u00e4ltere beendet werden. Dies hat inhaltliche wie auch wirtschaftliche Pr\u00e4missen.<\/em><\/p>\n<p style=\"text-align: justify;\"><em>Wir k\u00f6nnen verstehen, dass es einige Zuschauerinnen und Zuschauer oder H\u00f6rerinnen und H\u00f6rer traurig macht, wenn liebgewonnene Fernseh- oder H\u00f6rfunkformate nicht mehr fortgef\u00fchrt werden. Wir hoffen jedoch, dass wir diese Menschen von anderen Angeboten \u00fcberzeugen und weiterhin f\u00fcr uns gewinnen k\u00f6nnen. Und wir bitten um Verst\u00e4ndnis, dass an der kontinuierlichen Weiterentwicklung der MDR-Programmvielfalt kein Weg vorbeif\u00fchrt.Das betrifft auch die Schlagerhitparade, die der MDR im kommenden Jahr nicht mehr produzieren wird.<\/em><\/p>\n<p style=\"text-align: justify;\"><em>\u201eDer MDR hat mir vor knapp drei Jahren auch als Moderatorin eine Chance gegeben, das ist nicht selbstverst\u00e4ndlich. F\u00fcr dieses Vertrauen m\u00f6chte ich mich herzlich bedanken. Ich habe jede Minute unserer gemeinsamen Zusammenarbeit f\u00fcr die \u201aSchlager des Monats\u2018 bzw. der \u201aSchlagerhitparade\u2018 geliebt. Es war eine wunderbare Erfahrung f\u00fcr mich. Nat\u00fcrlich bin ich traurig, dass der MDR dieses \u201aSchlager- Kapitel\u2018 schlie\u00dft. Ich schaue aber auf eine unglaublich sch\u00f6ne und erfolgreiche Zeit im MDR mit fantastischen Quoten zur\u00fcck\u201c, so CHRISTIN STARK.<\/em><\/p>\n<p style=\"text-align: justify;\"><em>Christin Stark wird weiterhin als K\u00fcnstlerin und vor allem auch als Moderatorin im MDR zu sehen sein. So wird sie im kommenden Jahr z.B. die Gewinnershow des \u201eMDR-Fr\u00fchlingserwachens\u201c gemeinsam mit Peter Imhof pr\u00e4sentieren.<\/em><\/p>\n<p>&nbsp;<\/p>\n<p style=\"text-align: justify;\">&#8222;Schlagerprofi&#8220; Stephan Imming mutma\u00dft <strong><a href=\"https:\/\/schlagerprofis.de\/christin-stark-schlagerhitparade-tv-format-abgesetzt\/\">HIER<\/a><\/strong> \u00fcber die Gr\u00fcnde der Absetzung des einstigen Quoten-Flagschiffs (unter Bernhard Brink) im MDR Fernsehen.<\/p>\n","protected":false},"excerpt":{"rendered":"<p>Was Christin selbst dazu sagt &#8230;:<\/p>\n","protected":false},"author":2,"featured_media":249110,"comment_status":"open","ping_status":"closed","sticky":false,"template":"","format":"standard","meta":{"_FSMCFIC_featured_image_caption":"","_FSMCFIC_featured_image_nocaption":"","_FSMCFIC_featured_image_hide":""},"categories":[28,39,128],"tags":[584,329],"acf":[],"_links":{"self":[{"href":"https:\/\/smago.de\/ws2\/wp-json\/wp\/v2\/posts\/249109"}],"collection":[{"href":"https:\/\/smago.de\/ws2\/wp-json\/wp\/v2\/posts"}],"about":[{"href":"https:\/\/smago.de\/ws2\/wp-json\/wp\/v2\/types\/post"}],"author":[{"embeddable":true,"href":"https:\/\/smago.de\/ws2\/wp-json\/wp\/v2\/users\/2"}],"replies":[{"embeddable":true,"href":"https:\/\/smago.de\/ws2\/wp-json\/wp\/v2\/comments?post=249109"}],"version-history":[{"count":3,"href":"https:\/\/smago.de\/ws2\/wp-json\/wp\/v2\/posts\/249109\/revisions"}],"predecessor-version":[{"id":249113,"href":"https:\/\/smago.de\/ws2\/wp-json\/wp\/v2\/posts\/249109\/revisions\/249113"}],"wp:featuredmedia":[{"embeddable":true,"href":"https:\/\/smago.de\/ws2\/wp-json\/wp\/v2\/media\/249110"}],"wp:attachment":[{"href":"https:\/\/smago.de\/ws2\/wp-json\/wp\/v2\/media?parent=249109"}],"wp:term":[{"taxonomy":"category","embeddable":true,"href":"https:\/\/smago.de\/ws2\/wp-json\/wp\/v2\/categories?post=249109"},{"taxonomy":"post_tag","embeddable":true,"href":"https:\/\/smago.de\/ws2\/wp-json\/wp\/v2\/tags?post=249109"}],"curies":[{"name":"wp","href":"https:\/\/api.w.org\/{rel}","templated":true}]}}