{"id":249101,"date":"2025-10-15T00:00:50","date_gmt":"2025-10-14T22:00:50","guid":{"rendered":"https:\/\/smago.de\/ws2\/?p=249101"},"modified":"2025-10-14T18:47:26","modified_gmt":"2025-10-14T16:47:26","slug":"olaf-berger-olaf-berger-praesentiert-mit-meine-nummer-eins-ein-lied-ueber-liebe-vertrauen-und-das-grosse-glueck","status":"publish","type":"post","link":"https:\/\/smago.de\/ws2\/ost-schlager\/olaf-berger-olaf-berger-praesentiert-mit-meine-nummer-eins-ein-lied-ueber-liebe-vertrauen-und-das-grosse-glueck\/","title":{"rendered":"OLAF BERGER <br>Olaf Berger pr\u00e4sentiert mit \u201eMeine Nummer Eins\u201c ein Lied \u00fcber Liebe, Vertrauen und das gro\u00dfe Gl\u00fcck!"},"content":{"rendered":"<p>Und ER kann sich gl\u00fccklich sch\u00e4tzen, dass er sich seit 40 Jahren in diesem Haifischbecken behaupten kann!<br \/>\n<!--more--><\/p>\n<p>&nbsp;<\/p>\n<p style=\"text-align: justify;\">\n<p style=\"text-align: justify;\">Mit seinem neuen Titel \u201eMeine Nummer Eins\u201c schenkt OLAF BERGER seinem Publikum eine gef\u00fchlvolle Hymne an die Liebe \u2014 eine Geschichte zweier Menschen, die sich gefunden haben, gl\u00fccklich zusammenleben und das Leben im Vertrauen genie\u00dfen. Eine Botschaft von N\u00e4he, Best\u00e4ndigkeit und dem sicheren Gef\u00fchl, den richtigen Menschen an seiner Seite zu haben. Der eing\u00e4ngige Refrain macht das Lied zu einem echten Liebeslied, das mitten ins Herz trifft. \u201eMeine Nummer Eins\u201c ist mehr als ein Songtitel \u2013 es ist ein Versprechen. Und als besondere Zugabe liefert <em>finalmusic<\/em> einen frischen Fox-Mix, der maximale Tanzlaune verspricht.<\/p>\n<p>Olaf Berger z\u00e4hlt seit Jahrzehnten zu den pr\u00e4genden Stimmen der deutschsprachigen Musikszene. Der sympathische S\u00e4nger aus Dresden feierte schon in den 1980er-Jahren Erfolge und ist bis heute mit markanter Stimme und B\u00fchnenpr\u00e4senz ein fester Bestandteil der Schlagerwelt. Mit zahlreichen Hits, TV-Auftritten und Live-Konzerten hat er sich eine treue Fangemeinde aufgebaut, die Authentizit\u00e4t und N\u00e4he zum Publikum sch\u00e4tzt. Seine Songs erz\u00e4hlen ehrlich und gef\u00fchlvoll Lebensgeschichten mit positiver Botschaft. Mit \u201eMeine Nummer Eins\u201c kn\u00fcpft er genau daran an: Musik, die bewegt und verbindet.<\/p>\n<p>Die Ver\u00f6ffentlichung erfolgt am 17.10.2025.<\/p>\n<p>&nbsp;<\/p>\n<p>&nbsp;<\/p>\n<p style=\"text-align: justify;\">\n<p><strong>Kurz-Info OLAF BERGER<\/strong><\/p>\n<p>Mit seinen Hits aus vier Jahrzehnten, aktuellen Alben und regelm\u00e4\u00dfigen Chartplatzierungen ist Olaf Berger l\u00e4ngst eine feste Gr\u00f6\u00dfe im deutschen Showgesch\u00e4ft. Von Publikum wie Fachleuten wird Olaf Berger gleicherma\u00dfen gefeiert und seine Fangemeinde w\u00e4chst unaufhaltsam weiter. Seine vielseitigen Talente als S\u00e4nger und Moderator, hervorragende Sympathiewerte sowie seine hohe Medienpr\u00e4senz machen ihn zu einem begehrten Multitalent.<\/p>\n<p>Ruhe einkehren lassen, z\u00e4hlt nicht zu Olaf Bergers St\u00e4rken. Daf\u00fcr steckt zu viel Kreativit\u00e4t und Lebenslust in dem geb\u00fcrtigen Dresdner, f\u00fcr den die Musik ein untrennbarer Teil seiner Vita ist. Eines Lebens, das nicht immer nur in ruhigen Bahnen lief, sondern neben H\u00f6hen, auch vielf\u00e4ltige Herausforderungen zu meistern hatte. In seinem Buch \u201eEs kommt so oder so &#8211; Meine Showgeschichten\u201c erz\u00e4hlt er unverbl\u00fcmt von den ersten beruflichen Schritten in der DDR, von dem bisweilen steinigen Weg zum gesamtdeutschen Schlagerstar bis hin zum Moderator eigener TV-Sendungen im MDR.<\/p>\n<p>2025 feiert Olaf Berger nicht nur ein Jahrzehnt mehr auf der B\u00fchne, sondern ein ganzes Lebensgef\u00fchl: Vier Jahrzehnte voller Auftritte, Tourneen, emotionaler Begegnungen mit Fans und authentischer B\u00fchnenpr\u00e4senz. TV Shows, Gala-Auftritte, Studioaufnahmen und Live-Events spiegeln die Entwicklung eines K\u00fcnstlers wider, der sich stetig neu erfand, ohne seine Wurzeln in der Band seinen Vaters \u201eDie Virginias\u201c zu vergessen. 2025 markiert damit nicht nur ein Jubil\u00e4um, sondern ein Kapitel voller Erinnerungen, Inspiration und Vorfreude auf alles Kommende.<\/p>\n<p>&nbsp;<\/p>\n<p>&nbsp;<\/p>\n<p><img decoding=\"async\" loading=\"lazy\" class=\"alignnone size-large wp-image-249103\" src=\"https:\/\/smago.de\/ws2\/wp-content\/uploads\/2025\/10\/berger_back-800x800.jpeg\" alt=\"\" width=\"800\" height=\"800\" srcset=\"https:\/\/smago.de\/ws2\/wp-content\/uploads\/2025\/10\/berger_back-800x800.jpeg 800w, https:\/\/smago.de\/ws2\/wp-content\/uploads\/2025\/10\/berger_back-522x522.jpeg 522w, https:\/\/smago.de\/ws2\/wp-content\/uploads\/2025\/10\/berger_back-150x150.jpeg 150w, https:\/\/smago.de\/ws2\/wp-content\/uploads\/2025\/10\/berger_back-768x768.jpeg 768w, https:\/\/smago.de\/ws2\/wp-content\/uploads\/2025\/10\/berger_back-1536x1536.jpeg 1536w, https:\/\/smago.de\/ws2\/wp-content\/uploads\/2025\/10\/berger_back-2048x2048.jpeg 2048w, https:\/\/smago.de\/ws2\/wp-content\/uploads\/2025\/10\/berger_back-272x272.jpeg 272w, https:\/\/smago.de\/ws2\/wp-content\/uploads\/2025\/10\/berger_back-600x600.jpeg 600w, https:\/\/smago.de\/ws2\/wp-content\/uploads\/2025\/10\/berger_back-130x130.jpeg 130w, https:\/\/smago.de\/ws2\/wp-content\/uploads\/2025\/10\/berger_back-445x445.jpeg 445w, https:\/\/smago.de\/ws2\/wp-content\/uploads\/2025\/10\/berger_back-190x190.jpeg 190w, https:\/\/smago.de\/ws2\/wp-content\/uploads\/2025\/10\/berger_back-290x290.jpeg 290w\" sizes=\"(max-width: 800px) 100vw, 800px\" \/><\/p>\n","protected":false},"excerpt":{"rendered":"<p>Und ER kann sich gl\u00fccklich sch\u00e4tzen, dass er sich seit 40 Jahren in diesem Haifischbecken behaupten kann!<\/p>\n","protected":false},"author":2,"featured_media":249102,"comment_status":"open","ping_status":"closed","sticky":false,"template":"","format":"standard","meta":{"_FSMCFIC_featured_image_caption":"","_FSMCFIC_featured_image_nocaption":"","_FSMCFIC_featured_image_hide":""},"categories":[25,39],"tags":[361],"acf":[],"_links":{"self":[{"href":"https:\/\/smago.de\/ws2\/wp-json\/wp\/v2\/posts\/249101"}],"collection":[{"href":"https:\/\/smago.de\/ws2\/wp-json\/wp\/v2\/posts"}],"about":[{"href":"https:\/\/smago.de\/ws2\/wp-json\/wp\/v2\/types\/post"}],"author":[{"embeddable":true,"href":"https:\/\/smago.de\/ws2\/wp-json\/wp\/v2\/users\/2"}],"replies":[{"embeddable":true,"href":"https:\/\/smago.de\/ws2\/wp-json\/wp\/v2\/comments?post=249101"}],"version-history":[{"count":1,"href":"https:\/\/smago.de\/ws2\/wp-json\/wp\/v2\/posts\/249101\/revisions"}],"predecessor-version":[{"id":249104,"href":"https:\/\/smago.de\/ws2\/wp-json\/wp\/v2\/posts\/249101\/revisions\/249104"}],"wp:featuredmedia":[{"embeddable":true,"href":"https:\/\/smago.de\/ws2\/wp-json\/wp\/v2\/media\/249102"}],"wp:attachment":[{"href":"https:\/\/smago.de\/ws2\/wp-json\/wp\/v2\/media?parent=249101"}],"wp:term":[{"taxonomy":"category","embeddable":true,"href":"https:\/\/smago.de\/ws2\/wp-json\/wp\/v2\/categories?post=249101"},{"taxonomy":"post_tag","embeddable":true,"href":"https:\/\/smago.de\/ws2\/wp-json\/wp\/v2\/tags?post=249101"}],"curies":[{"name":"wp","href":"https:\/\/api.w.org\/{rel}","templated":true}]}}