{"id":248944,"date":"2025-10-11T00:00:08","date_gmt":"2025-10-10T22:00:08","guid":{"rendered":"https:\/\/smago.de\/ws2\/?p=248944"},"modified":"2025-10-10T15:57:12","modified_gmt":"2025-10-10T13:57:12","slug":"heino-am-07-11-2025-erscheint-die-grosse-sing-mit-heino-box-7-cds-bonus-cd","status":"publish","type":"post","link":"https:\/\/smago.de\/ws2\/volksmusik\/heino-am-07-11-2025-erscheint-die-grosse-sing-mit-heino-box-7-cds-bonus-cd\/","title":{"rendered":"HEINO <br>Am 07.11.2025 erscheint &#8222;Die gro\u00dfe Sing mit Heino-Box&#8220; (7 CDs + Bonus-CD)!"},"content":{"rendered":"<p>Darauf enthalten: 174 (!) Lieder plus 21 alternative Versionen!<!--more--><\/p>\n<h1 id=\"title\" class=\"a-size-large a-spacing-none\"><\/h1>\n<p>&nbsp;<\/p>\n<p style=\"text-align: justify;\">Zurzeit macht Kultstar HEINO auf ganz unterschiedliche Art auf sich aufmerksam: mit seiner \u201eMade in Germany\u201c-Tour ist er im ganzen Land unterwegs, seine \u201eDeutschland-Schokolade\u201c ist in den Superm\u00e4rkten zu finden und mit den tanzbaren Singles \u201eEin Gl\u00e4schen am Morgen\u201c und \u201eHolla die Waldfee\u201c untermauert er seinen neuen Status als Stargast im legend\u00e4ren Bierk\u00f6nig auf Mallorca.<\/p>\n<p style=\"text-align: justify;\">Da bekommt man doch richtig Appetit auf einen von Heinos k\u00fcnstlerischen und kommerziellen H\u00f6hepunkten aus den Seventies: erstmals komplett auf CD erscheinen jetzt die Originalaufnahmen aus der legend\u00e4ren TV-Serie \u201eSing mit Heino\u201c, einem Stra\u00dfenfeger jener Jahre, bei dem Millionen zuschauten und mitsangen. Unter Heinos mehr als 55 Millionen verkauften Tontr\u00e4gern gelten diese Aufnahmen als echte Highlights.<\/p>\n<p style=\"text-align: justify;\">In einer schicken CD-Box im Original-Artwork versammeln sich hier erstmals komplett und brandneu remastered 174 Lieder plus 21 alternative Versionen auf 7 CDs, gekr\u00f6nt von einem 20-seitigen Booklet mit vielen Informationen und Fotos sowie einer Bonus-CD mit Heino-Songs gesungen von seinen Freunden vom Botho-Lucas-Chor. Kommen Sie mit auf eine mitrei\u00dfend fr\u00f6hliche, zeitlose Wanderung durch die Geschichte der deutschen Volksmusik. Heino ist und bleibt der Gr\u00f6\u00dfte!<\/p>\n<p>&nbsp;<\/p>\n<p>&nbsp;<\/p>\n<p><img decoding=\"async\" loading=\"lazy\" class=\"alignnone size-large wp-image-248946\" src=\"https:\/\/smago.de\/ws2\/wp-content\/uploads\/2025\/10\/heino_diegrosse2-800x686.jpeg\" alt=\"\" width=\"800\" height=\"686\" srcset=\"https:\/\/smago.de\/ws2\/wp-content\/uploads\/2025\/10\/heino_diegrosse2-800x686.jpeg 800w, https:\/\/smago.de\/ws2\/wp-content\/uploads\/2025\/10\/heino_diegrosse2-522x448.jpeg 522w, https:\/\/smago.de\/ws2\/wp-content\/uploads\/2025\/10\/heino_diegrosse2-175x150.jpeg 175w, https:\/\/smago.de\/ws2\/wp-content\/uploads\/2025\/10\/heino_diegrosse2-768x658.jpeg 768w, https:\/\/smago.de\/ws2\/wp-content\/uploads\/2025\/10\/heino_diegrosse2-317x272.jpeg 317w, https:\/\/smago.de\/ws2\/wp-content\/uploads\/2025\/10\/heino_diegrosse2-700x600.jpeg 700w, https:\/\/smago.de\/ws2\/wp-content\/uploads\/2025\/10\/heino_diegrosse2-130x111.jpeg 130w, https:\/\/smago.de\/ws2\/wp-content\/uploads\/2025\/10\/heino_diegrosse2-519x445.jpeg 519w, https:\/\/smago.de\/ws2\/wp-content\/uploads\/2025\/10\/heino_diegrosse2-609x522.jpeg 609w, https:\/\/smago.de\/ws2\/wp-content\/uploads\/2025\/10\/heino_diegrosse2-222x190.jpeg 222w, https:\/\/smago.de\/ws2\/wp-content\/uploads\/2025\/10\/heino_diegrosse2-338x290.jpeg 338w, https:\/\/smago.de\/ws2\/wp-content\/uploads\/2025\/10\/heino_diegrosse2.jpeg 1500w\" sizes=\"(max-width: 800px) 100vw, 800px\" \/><\/p>\n","protected":false},"excerpt":{"rendered":"<p>Darauf enthalten: 174 (!) Lieder plus 21 alternative Versionen!<\/p>\n","protected":false},"author":2,"featured_media":248945,"comment_status":"open","ping_status":"closed","sticky":false,"template":"","format":"standard","meta":{"_FSMCFIC_featured_image_caption":"","_FSMCFIC_featured_image_nocaption":"","_FSMCFIC_featured_image_hide":""},"categories":[39,30],"tags":[565],"acf":[],"_links":{"self":[{"href":"https:\/\/smago.de\/ws2\/wp-json\/wp\/v2\/posts\/248944"}],"collection":[{"href":"https:\/\/smago.de\/ws2\/wp-json\/wp\/v2\/posts"}],"about":[{"href":"https:\/\/smago.de\/ws2\/wp-json\/wp\/v2\/types\/post"}],"author":[{"embeddable":true,"href":"https:\/\/smago.de\/ws2\/wp-json\/wp\/v2\/users\/2"}],"replies":[{"embeddable":true,"href":"https:\/\/smago.de\/ws2\/wp-json\/wp\/v2\/comments?post=248944"}],"version-history":[{"count":1,"href":"https:\/\/smago.de\/ws2\/wp-json\/wp\/v2\/posts\/248944\/revisions"}],"predecessor-version":[{"id":248947,"href":"https:\/\/smago.de\/ws2\/wp-json\/wp\/v2\/posts\/248944\/revisions\/248947"}],"wp:featuredmedia":[{"embeddable":true,"href":"https:\/\/smago.de\/ws2\/wp-json\/wp\/v2\/media\/248945"}],"wp:attachment":[{"href":"https:\/\/smago.de\/ws2\/wp-json\/wp\/v2\/media?parent=248944"}],"wp:term":[{"taxonomy":"category","embeddable":true,"href":"https:\/\/smago.de\/ws2\/wp-json\/wp\/v2\/categories?post=248944"},{"taxonomy":"post_tag","embeddable":true,"href":"https:\/\/smago.de\/ws2\/wp-json\/wp\/v2\/tags?post=248944"}],"curies":[{"name":"wp","href":"https:\/\/api.w.org\/{rel}","templated":true}]}}