{"id":248936,"date":"2025-10-11T00:00:21","date_gmt":"2025-10-10T22:00:21","guid":{"rendered":"https:\/\/smago.de\/ws2\/?p=248936"},"modified":"2025-10-10T09:07:59","modified_gmt":"2025-10-10T07:07:59","slug":"silvanas-der-flotte-fox-schlager-du-bist-die-frau-die-ich-will-kuendigt-ihr-neues-album-an","status":"publish","type":"post","link":"https:\/\/smago.de\/ws2\/pop-schlager\/silvanas-der-flotte-fox-schlager-du-bist-die-frau-die-ich-will-kuendigt-ihr-neues-album-an\/","title":{"rendered":"SILVANAS <br>Der flotte Fox-Schlager &#8222;Du bist die Frau, die ich will&#8220; k\u00fcndigt ihr neues Album an!"},"content":{"rendered":"<p>Die Ver\u00f6ffentlichung ist f\u00fcr Sommer 2026 vorgesehen!<br \/>\n<!--more--><\/p>\n<p style=\"text-align: justify;\">\n<p style=\"text-align: justify;\">Der Herbst wird hei\u00df mit den SILVANAS &#8230;<\/p>\n<p>Fan-nah, schlagerbegeistert und mit Leib und Seele immer am Puls der Zeit \u2013 so kennt man Andr\u00e9 und Friedhelm.<\/p>\n<p>Mit \u00abDu bist die Frau, die ich will\u00bb ver\u00f6ffentlichen die beiden Cousins einen unglaublich eing\u00e4ngigen Tanzfl\u00e4chen-Hit.<\/p>\n<p>Mit modernem Beat und einem Ohrwurmrefrain erster Klasse verspricht die neue Radio-Single \u00abDu bist die Frau, die ich will\u00bb ein Schlagerhighlight zu werden.<\/p>\n<p>Absolut zeitgem\u00e4\u00df, modern und mit viel Power beweisen die \u00abSilvanas\u00bb einmal mehr, wie stark deutscher Schlager sein kann.<\/p>\n<p>Ein Vorbote des neuen Silvanas-Albums, das im Sommer 2026 das Licht der Welt erblicken soll &#8230;<\/p>\n","protected":false},"excerpt":{"rendered":"<p>Die Ver\u00f6ffentlichung ist f\u00fcr Sommer 2026 vorgesehen!<\/p>\n","protected":false},"author":2,"featured_media":248938,"comment_status":"open","ping_status":"closed","sticky":false,"template":"","format":"standard","meta":{"_FSMCFIC_featured_image_caption":"","_FSMCFIC_featured_image_nocaption":"","_FSMCFIC_featured_image_hide":""},"categories":[28],"tags":[2634],"acf":[],"_links":{"self":[{"href":"https:\/\/smago.de\/ws2\/wp-json\/wp\/v2\/posts\/248936"}],"collection":[{"href":"https:\/\/smago.de\/ws2\/wp-json\/wp\/v2\/posts"}],"about":[{"href":"https:\/\/smago.de\/ws2\/wp-json\/wp\/v2\/types\/post"}],"author":[{"embeddable":true,"href":"https:\/\/smago.de\/ws2\/wp-json\/wp\/v2\/users\/2"}],"replies":[{"embeddable":true,"href":"https:\/\/smago.de\/ws2\/wp-json\/wp\/v2\/comments?post=248936"}],"version-history":[{"count":1,"href":"https:\/\/smago.de\/ws2\/wp-json\/wp\/v2\/posts\/248936\/revisions"}],"predecessor-version":[{"id":248939,"href":"https:\/\/smago.de\/ws2\/wp-json\/wp\/v2\/posts\/248936\/revisions\/248939"}],"wp:featuredmedia":[{"embeddable":true,"href":"https:\/\/smago.de\/ws2\/wp-json\/wp\/v2\/media\/248938"}],"wp:attachment":[{"href":"https:\/\/smago.de\/ws2\/wp-json\/wp\/v2\/media?parent=248936"}],"wp:term":[{"taxonomy":"category","embeddable":true,"href":"https:\/\/smago.de\/ws2\/wp-json\/wp\/v2\/categories?post=248936"},{"taxonomy":"post_tag","embeddable":true,"href":"https:\/\/smago.de\/ws2\/wp-json\/wp\/v2\/tags?post=248936"}],"curies":[{"name":"wp","href":"https:\/\/api.w.org\/{rel}","templated":true}]}}