{"id":248927,"date":"2025-10-10T08:20:31","date_gmt":"2025-10-10T06:20:31","guid":{"rendered":"https:\/\/smago.de\/ws2\/?p=248927"},"modified":"2025-10-10T08:22:05","modified_gmt":"2025-10-10T06:22:05","slug":"florian-silbereisen-schlagerbooom-2025-alles-funkelt-alles-glitzert-die-ersten-gaeste-stehen-fest","status":"publish","type":"post","link":"https:\/\/smago.de\/ws2\/schlager\/florian-silbereisen-schlagerbooom-2025-alles-funkelt-alles-glitzert-die-ersten-gaeste-stehen-fest\/","title":{"rendered":"FLORIAN SILBEREISEN <br>&#8222;Schlagerbooom 2025 \u2013 Alles funkelt! Alles glitzert!&#8220;: Die ersten G\u00e4ste stehen fest!"},"content":{"rendered":"<p>Sendetermin: 18.10.2025, Das Erste \/ ARD + ORF 2, 20:15 Uhr &#8211; 23:35 Uhr! Live aus der Dortmunder Westfalenhalle!<br \/>\n<!--more--><\/p>\n<p>&nbsp;<\/p>\n<p>&nbsp;<\/p>\n<p>&nbsp;<\/p>\n<p style=\"text-align: justify;\">Der Countdown l\u00e4uft f\u00fcr die gr\u00f6\u00dfte Schlager-TV-Live-Show Europas: Mehr als 20.000 Fans kommen nach Dortmund und warten nur darauf, dass der &#8222;Schlagerbooom 2025&#8220; mit der Eurovisions-Fanfare gestartet wird! Dann kann der Schlager endlich wieder so gefeiert werden, wie er so nur beim &#8222;Schlagerbooom&#8220; gefeiert wird!<\/p>\n<p style=\"text-align: justify;\">Die legend\u00e4re Westfalenhalle verwandelt sich in ein riesiges Lichtermeer \u2013 unter dem Motto \u201eAlles funkelt! Alles glitzert!\u201c<\/p>\n<p style=\"text-align: justify;\">Florian Silbereisen pr\u00e4sentiert die TV-Schlagershow des Jahres mit Andrea Berg, Roland Kaiser, Unheilig, Maite Kelly, DJ \u00d6tzi, Conchita Wurst, Santiano, Mickie Krause &amp; Cindy aus Marzahn, Semino Rossi, No Angels, Melissa Naschenweng, Oimara, Andy Borg, Thomas Anders, Pietro Basile, mit vielen weiteren Stars und \u00dcberraschungen \u2013 und nat\u00fcrlich mit vielen Schlagern zum Mitsingen und Mitfeiern!<\/p>\n","protected":false},"excerpt":{"rendered":"<p>Sendetermin: 18.10.2025, Das Erste \/ ARD + ORF 2, 20:15 Uhr &#8211; 23:35 Uhr! Live aus der Dortmunder Westfalenhalle!<\/p>\n","protected":false},"author":2,"featured_media":248928,"comment_status":"open","ping_status":"closed","sticky":false,"template":"","format":"standard","meta":{"_FSMCFIC_featured_image_caption":"","_FSMCFIC_featured_image_nocaption":"","_FSMCFIC_featured_image_hide":""},"categories":[29,39,128],"tags":[144],"acf":[],"_links":{"self":[{"href":"https:\/\/smago.de\/ws2\/wp-json\/wp\/v2\/posts\/248927"}],"collection":[{"href":"https:\/\/smago.de\/ws2\/wp-json\/wp\/v2\/posts"}],"about":[{"href":"https:\/\/smago.de\/ws2\/wp-json\/wp\/v2\/types\/post"}],"author":[{"embeddable":true,"href":"https:\/\/smago.de\/ws2\/wp-json\/wp\/v2\/users\/2"}],"replies":[{"embeddable":true,"href":"https:\/\/smago.de\/ws2\/wp-json\/wp\/v2\/comments?post=248927"}],"version-history":[{"count":3,"href":"https:\/\/smago.de\/ws2\/wp-json\/wp\/v2\/posts\/248927\/revisions"}],"predecessor-version":[{"id":248931,"href":"https:\/\/smago.de\/ws2\/wp-json\/wp\/v2\/posts\/248927\/revisions\/248931"}],"wp:featuredmedia":[{"embeddable":true,"href":"https:\/\/smago.de\/ws2\/wp-json\/wp\/v2\/media\/248928"}],"wp:attachment":[{"href":"https:\/\/smago.de\/ws2\/wp-json\/wp\/v2\/media?parent=248927"}],"wp:term":[{"taxonomy":"category","embeddable":true,"href":"https:\/\/smago.de\/ws2\/wp-json\/wp\/v2\/categories?post=248927"},{"taxonomy":"post_tag","embeddable":true,"href":"https:\/\/smago.de\/ws2\/wp-json\/wp\/v2\/tags?post=248927"}],"curies":[{"name":"wp","href":"https:\/\/api.w.org\/{rel}","templated":true}]}}