{"id":248836,"date":"2025-10-10T00:00:48","date_gmt":"2025-10-09T22:00:48","guid":{"rendered":"https:\/\/smago.de\/ws2\/?p=248836"},"modified":"2025-10-09T09:24:31","modified_gmt":"2025-10-09T07:24:31","slug":"stimmen-der-berge-die-stimmen-der-berge-veroeffentlichen-ihr-mit-spannung-erwartetes-neues-studioalbum-auch-fuer-dich","status":"publish","type":"post","link":"https:\/\/smago.de\/ws2\/schlager\/stimmen-der-berge-die-stimmen-der-berge-veroeffentlichen-ihr-mit-spannung-erwartetes-neues-studioalbum-auch-fuer-dich\/","title":{"rendered":"STIMMEN DER BERGE <br>Die Stimmen der Berge ver\u00f6ffentlichen ihr mit Spannung erwartetes neues Studioalbum \u201eAuch f\u00fcr Dich\u201c!"},"content":{"rendered":"<p>&nbsp;<\/p>\n<p>&nbsp;<\/p>\n<p style=\"text-align: justify;\">Die STIMMEN DER BERGE haben am 10.10.2025\u00a0ihr mit Spannung erwartetes neues Studioalbum \u201eAuch f\u00fcr Dich\u201c ver\u00f6ffentlicht. Produziert wurde das Album gr\u00f6\u00dftenteils von <i>Ren\u00e9 M\u00f6ckel,<\/i> lediglich die beiden Radio-Mixe \u2013 <i>\u201eAuf geht\u2018s Madl (Zillertaler Hochzeitsmarsch)\u201c<\/i> und \u201e<i>Auch f\u00fcr Dich\u201c<\/i> stammen aus der Feder von <i>Benjamin Schwenen<\/i>.<\/p>\n<p style=\"text-align: justify;\">Das Album pr\u00e4sentiert eine vielseitige Mischung aus gef\u00fchlvollen Balladen, volkst\u00fcmlichen Kl\u00e4ngen und internationalen Klassikern: Von <i>\u201eAuch f\u00fcr Dich\u201c<\/i> \u00fcber Cover-Hits wie <i>\u201eCalifornia Blue\u201c<\/i> und<i> \u201eCaravan Of Love\u201c<\/i> bis hin zu Medleys wie dem <i>\u201eWaterkant Medley I &amp; II\u201c<\/i> und dem traditionellen <i>\u201eZillertaler Hochzeitsmarsch\u201c<\/i>, zu dem <i>Benjamin Grund<\/i>, einer der vier Stimmen, selbst den Text beigesteuert hat. Auch besondere Radio-Mixe runden das Album ab.<\/p>\n<p style=\"text-align: justify;\">F\u00fcr echte Fans gibt es die limitierte Fanbox Edition, die zus\u00e4tzlich zum Album eine exklusive DVD mit neun Videos &#8211; darunter ein Interview mit den Stimmen der Berge &#8211; eine Autogrammkarte, einen Schl\u00fcsselanh\u00e4nger, einen Magneten und einen stylischen Einkaufsbeutel im Album-Look enth\u00e4lt.<\/p>\n<p style=\"text-align: justify;\">\u201eAuch f\u00fcr Dich\u201c verspricht wieder das typische Stimmen-der-Berge-Gef\u00fchl: Herznah, abwechslungsreich und perfekt f\u00fcr jede Stimmung.<\/p>\n<p style=\"text-align: justify;\">\n<p>&nbsp;<\/p>\n<p><strong><a href=\"https:\/\/stimmenderberge.com\/\">ZUR HOMEPAGE DER STIMMEN DER BERGE &#8230;:\u00a0<\/a><\/strong><\/p>\n<p>&nbsp;<\/p>\n","protected":false},"excerpt":{"rendered":"<p>&nbsp; &nbsp; Die STIMMEN DER BERGE haben am 10.10.2025\u00a0ihr mit Spannung erwartetes neues Studioalbum \u201eAuch f\u00fcr Dich\u201c ver\u00f6ffentlicht. Produziert wurde<\/p>\n","protected":false},"author":2,"featured_media":248837,"comment_status":"open","ping_status":"closed","sticky":false,"template":"","format":"standard","meta":{"_FSMCFIC_featured_image_caption":"","_FSMCFIC_featured_image_nocaption":"","_FSMCFIC_featured_image_hide":""},"categories":[29],"tags":[613],"acf":[],"_links":{"self":[{"href":"https:\/\/smago.de\/ws2\/wp-json\/wp\/v2\/posts\/248836"}],"collection":[{"href":"https:\/\/smago.de\/ws2\/wp-json\/wp\/v2\/posts"}],"about":[{"href":"https:\/\/smago.de\/ws2\/wp-json\/wp\/v2\/types\/post"}],"author":[{"embeddable":true,"href":"https:\/\/smago.de\/ws2\/wp-json\/wp\/v2\/users\/2"}],"replies":[{"embeddable":true,"href":"https:\/\/smago.de\/ws2\/wp-json\/wp\/v2\/comments?post=248836"}],"version-history":[{"count":1,"href":"https:\/\/smago.de\/ws2\/wp-json\/wp\/v2\/posts\/248836\/revisions"}],"predecessor-version":[{"id":248838,"href":"https:\/\/smago.de\/ws2\/wp-json\/wp\/v2\/posts\/248836\/revisions\/248838"}],"wp:featuredmedia":[{"embeddable":true,"href":"https:\/\/smago.de\/ws2\/wp-json\/wp\/v2\/media\/248837"}],"wp:attachment":[{"href":"https:\/\/smago.de\/ws2\/wp-json\/wp\/v2\/media?parent=248836"}],"wp:term":[{"taxonomy":"category","embeddable":true,"href":"https:\/\/smago.de\/ws2\/wp-json\/wp\/v2\/categories?post=248836"},{"taxonomy":"post_tag","embeddable":true,"href":"https:\/\/smago.de\/ws2\/wp-json\/wp\/v2\/tags?post=248836"}],"curies":[{"name":"wp","href":"https:\/\/api.w.org\/{rel}","templated":true}]}}