{"id":248816,"date":"2025-10-09T23:59:54","date_gmt":"2025-10-09T21:59:54","guid":{"rendered":"https:\/\/smago.de\/ws2\/?p=248816"},"modified":"2025-10-08T21:07:42","modified_gmt":"2025-10-08T19:07:42","slug":"reiner-meutsch-u-a-fr-10-10-2025-in-der-ndr-talk-show-zu-gast","status":"publish","type":"post","link":"https:\/\/smago.de\/ws2\/schlager\/reiner-meutsch-u-a-fr-10-10-2025-in-der-ndr-talk-show-zu-gast\/","title":{"rendered":"REINER MEUTSCH u.a. <br>Fr. (10.10.2025) in der &#8222;NDR Talk Show&#8220; zu Gast!"},"content":{"rendered":"<p style=\"text-align: justify;\">NDR Fernsehen + HR Fernsehen, 22:30 Uhr &#8211; 00:30 Uhr! Moderation: Barbara Sch\u00f6neberger und Hubertus Meyer-Burckhardt!<br \/>\n<!--more--><\/p>\n<p>&nbsp;<\/p>\n<p>&nbsp;<\/p>\n<p>&nbsp;<\/p>\n<p class=\"\" style=\"text-align: justify;\">Barbara Sch\u00f6neberger und Hubertus Meyer-Burckhardt begr\u00fc\u00dfen in der &#8222;NDR Talk Show&#8220; aus Hamburg folgende G\u00e4ste &#8230;:<\/p>\n<p>&nbsp;<\/p>\n<p>&nbsp;<\/p>\n<h2 id=\"Juergen-Vogel-und-Lea-Zo-Voss-Schauspielerin\" style=\"text-align: justify;\">J\u00fcrgen Vogel und Lea Zo\u00eb Voss, Schauspieler\/in<\/h2>\n<div style=\"text-align: justify;\">\n<div class=\"contentimage s-100 m-50\">\n<div class=\"image-container\"><\/div>\n<\/div>\n<\/div>\n<p class=\"\" style=\"text-align: justify;\">Wo er ist, da ist Action: &#8222;Bei einem Abend mit vielen Leuten warte ich immer erst mal ab, ob es andere Alphafrauchen oder Alpham\u00e4nnchen gibt, die unterhaltsam sind&#8220;, sagt der Schauspieler J\u00fcrgen Vogel. Sei dies nicht der Fall, &#8222;dann muss ich das Ruder in die Hand nehmen und daf\u00fcr sorgen, dass es lustig und locker wird. Sonst sterbe ich vor Todeslangeweile.&#8220; Langweilig wird es auch nicht in seiner erfolgreichen Krimi-Reihe &#8222;Jenseits der Spree&#8220;, in der er einen ehemaligen Kriminalhauptkommissar spielt, alleinerziehender Vater dreier T\u00f6chter. In einer der neuen Folgen ist der 57-J\u00e4hrige nicht nur Hauptdarsteller, sondern auch Regisseur.<\/p>\n<div style=\"text-align: justify;\">\n<div class=\"contentimage s-100 m-50\">An seiner Seite als seine Filmtochter ist die 29-j\u00e4hrige Lea Zo\u00eb Voss dabei. Die geb\u00fcrtige Bonnerin wird 2017 von der Stra\u00dfe weg f\u00fcr eine Hauptrolle der erfolgreichen Serie &#8222;Druck&#8220; besetzt. Danach folgen &#8222;Tatort&#8220;-Auftritte und Kinofilme. In &#8222;Jenseits der Spree&#8220; spielt Lea Zo\u00eb Voss J\u00fcrgen Vogels Tochter Carlotta, die ebenfalls eine Laufbahn bei der Polizei einschl\u00e4gt und nun regelm\u00e4\u00dfig in seinem Dezernat auftaucht. Wie reibungslos die generations\u00fcbergreifende Zusammenarbeit abgelaufen ist, das erz\u00e4hlen J\u00fcrgen Vogel und Lea Zo\u00eb Voss in der NDR Talk Show.<\/div>\n<\/div>\n<div><\/div>\n<div><\/div>\n<div><\/div>\n<div><\/div>\n<h2 id=\"Vanessa-Mai-Saengerin\" style=\"text-align: justify;\">Vanessa Mai, S\u00e4ngerin<\/h2>\n<div style=\"text-align: justify;\">\n<div class=\"contentimage s-100 m-50\"><\/div>\n<\/div>\n<p class=\"\" style=\"text-align: justify;\">Mehr als eine Million Follower in den Sozialen Medien, Gold- und Platinauszeichnungen und ausverkaufte Tourneen: Vanessa Mai blickt auf eine erfolgreiche Karriere zur\u00fcck. Die Tochter eines kroatischen Musikers steht schon als Siebenj\u00e4hrige mit ihrem Vater auf der B\u00fchne und f\u00fchrt, seitdem sie 20 Jahre alt ist, ein Leben im Rampenlicht, als sie zum Shootingstar der Schlagerszene wird. Seit 2015 landen all ihre Alben in den Top 10 der Charts. Jetzt steht sie mit neuen Projekten in den Startl\u00f6chern. Warum sie gerne mit K\u00fcnstlern anderer Genres zusammenarbeitet, warum sie von einem Leben in New York tr\u00e4umt und was sich hinter ihrer pers\u00f6nlichen Anti-Stress-Routine, dem Sechs-Minuten-Tagebuch, verbirgt, erz\u00e4hlt Vanessa Mai in der NDR Talk Show.<\/p>\n<h2><\/h2>\n<h2><\/h2>\n<h2><\/h2>\n<h2 id=\"Zora-Klipp-Gastronomin-und-Fernsehkoechin\" style=\"text-align: justify;\">Zora Klipp, Gastronomin und Fernsehk\u00f6chin<\/h2>\n<div style=\"text-align: justify;\">\n<div class=\"contentimage s-100 m-50\"><\/div>\n<\/div>\n<p class=\"\" style=\"text-align: justify;\">Wenn man mit 35 Jahren so viel erreicht hat wie sie, k\u00f6nnte man zufrieden die H\u00e4nde in die Kochsch\u00fcrze legen. Zora Klipp tut das nicht. Sie ist Mitinhaberin von zwei Hamburger Restaurants, Podcasterin, Fernsehk\u00f6chin und bald auch noch Mutter. Dem NDR Publikum ist sie vertraut durch Sendungen wie &#8222;Zora kocht&#8217;s einfach&#8220;, &#8222;Schmeckt. Immer&#8220; und seit April 2024 als K\u00fcchenchefin bei &#8222;DAS schmeckt&#8220;. Die Schwarzw\u00e4lderin lernt ihr Kochhandwerk im nieders\u00e4chsischen Zeven und landet nach einem Roadtrip als Au Pair f\u00fcr ein Jahr in Schweden. Danach studiert sie Tourismusmanagement und er\u00f6ffnet 2020 ihr erstes Restaurant in Hamburg. Ihre Liebe zu Schweden vermittelt sie jetzt in ihrem neuen Kochbuch mit dem Titel &#8222;Hej!&#8220;. Wie die perfekte Konsistenz einer Zimtschnecke sein sollte und was sie aus ihrer Au-Pair-Zeit f\u00fcr ihr Mutter-Sein mitgenommen hat, erz\u00e4hlt Zora Klipp in der NDR Talk Show.<\/p>\n<p>&nbsp;<\/p>\n<p>&nbsp;<\/p>\n<p>&nbsp;<\/p>\n<h2 id=\"Jan-Logemann-Zauberkuenstler\" style=\"text-align: justify;\">Jan Logemann, Zauberk\u00fcnstler<\/h2>\n<div style=\"text-align: justify;\">\n<div class=\"contentimage s-100 m-50\"><\/div>\n<\/div>\n<p class=\"\" style=\"text-align: justify;\">Er stammt aus Fehmarn und wird bereits im Alter von sieben Jahren mit dem Zaubervirus infiziert: Jan Logemann. Seitdem zaubert der studierte Mediziner leidenschaftlich &#8211; und inzwischen auch hauptberuflich. Der Wahl-Hamburger tr\u00e4gt die Titel &#8222;Weltmeister der Kartenkunst&#8220; und &#8222;Magier des Jahres&#8220; und verbl\u00fcfft mit seiner Kunst und seinem Kartenspiel in mehr als 20 L\u00e4ndern sein Publikum &#8211; von Burg auf Fehmarn \u00fcber Las Vegas, Tokio, Manchester, Kopenhagen bis Los Angeles. In der NDR Talk Show wird Jan Logemann nicht nur mit Kartentricks f\u00fcr Erstaunen sorgen.<\/p>\n<h2><\/h2>\n<h2><\/h2>\n<h2 id=\"Daniel-Donskoy-Schauspieler-und-Musiker\" style=\"text-align: justify;\">Daniel Donskoy, Schauspieler und Musiker<\/h2>\n<div style=\"text-align: justify;\">\n<div class=\"contentimage s-100 m-50\"><\/div>\n<\/div>\n<p class=\"\" style=\"text-align: justify;\">Er sagt, er k\u00f6nne sich \u00fcberall zu Hause f\u00fchlen &#8211; kein Wunder, wenn man in London, Tel Aviv, Moskau und Berlin gelebt und zw\u00f6lfmal die Schule gewechselt hat. Daniel Donskoy spricht vier Sprachen flie\u00dfend. Ihn als Multitalent zu bezeichnen w\u00e4re fast untertrieben, denn neben der Schauspielerei ist er Regisseur, Theaterproduzent und manchmal auch noch Model. Er hat eine Musical-Ausbildung, ist ein passabler Ballettt\u00e4nzer und passionierter Musiker. Im deutschen Fernsehen ist er u.a. bei &#8222;Soko Leipzig&#8220;, &#8222;Soko K\u00f6ln&#8220; und im &#8222;Tatort&#8220; zu sehen. In der Netflix-Serie &#8222;The Crown&#8220; spielt er den Liebhaber von Lady Diana. 2021 bis 2022 ist er Gastgeber der <a title=\"&amp;quot;Freitagnacht Jews&amp;quot; in der ARD Mediathek\" href=\"https:\/\/www.ardmediathek.de\/serie\/freitagnacht-jews-mit-daniel-donskoy\/staffel-1\/Y3JpZDovL3dkci5kZS9mcmVpdGFnbmFjaHRqZXdz\/1\">WDR-Talkshow &#8222;Freitagnacht Jews&#8220;<\/a> \u00fcber junges j\u00fcdisches Leben in Deutschland. Und weil das alles noch nicht genug f\u00fcr ihn ist, ist er nun unter die Autoren gegangen. &#8222;Brennen&#8220; hei\u00dft sein Romandeb\u00fct \u00fcber Aufbr\u00fcche, Rausch und die Sehnsucht nach Zugeh\u00f6rigkeit. Wof\u00fcr er brennt und wo f\u00fcr ihn Heimat ist, erz\u00e4hlt Daniel Donskoy in der NDR Talk Show.<\/p>\n<p>&nbsp;<\/p>\n<p>&nbsp;<\/p>\n<p>&nbsp;<\/p>\n<h2 id=\"Reiner-Meutsch-Stiftungsgruender\" style=\"text-align: justify;\">Reiner Meutsch, Stiftungsgr\u00fcnder<\/h2>\n<div style=\"text-align: justify;\">\n<div class=\"contentimage s-100 m-50\"><\/div>\n<\/div>\n<p class=\"\" style=\"text-align: justify;\">Die Abenteuerlust pr\u00e4gt sein Leben: Als Sohn eines Busunternehmers wird Reiner Meutsch das Reisefieber quasi in die Wiege gelegt. Mit Mitte 20 \u00fcbernimmt er den Betrieb und wird sp\u00e4ter Gesch\u00e4ftsf\u00fchrer eines Reiseanbieters. Sein Beruf und seine Leidenschaft f\u00fcrs Fliegen f\u00fchren den Westerl\u00e4nder um die ganze Welt. Er erh\u00e4lt viele Einblicke in das Leben der Menschen in anderen L\u00e4ndern &#8211; und die sind nicht nur positiv. Der Mangel an Schulbildung ist f\u00fcr viele ein so gro\u00dfes Problem, dass Meutsch beschlie\u00dft zu helfen. Mit Erfolg: Seine Stiftung &#8222;Fly &amp; Help&#8220; er\u00f6ffnet im September 2025 die 1000. Schule, diesmal auf Sri Lanka. In der NDR Talk Show verr\u00e4t Reiner Meutsch, was ihn antreibt, welche Erlebnisse ihn am meisten ber\u00fchrt haben und warum Schulbildung gerade in armen L\u00e4ndern so viel bewirken kann.<\/p>\n<p>&nbsp;<\/p>\n<p>&nbsp;<\/p>\n<p>&nbsp;<\/p>\n<h2 id=\"Simon-Schwarz-Schauspieler-und-Autor\" style=\"text-align: justify;\">Simon Schwarz, Schauspieler und Autor<\/h2>\n<div style=\"text-align: justify;\">\n<div class=\"contentimage s-100 m-50\"><\/div>\n<\/div>\n<p class=\"\" style=\"text-align: justify;\">Simon Schwarz geh\u00f6rt zu \u00d6sterreichs bekanntesten und beliebtesten Schauspielern. Der Wiener ist aber weit \u00fcber die Grenzen des Landes hinaus bekannt, insbesondere durch die Verfilmungen der &#8222;Franz Eberhofer-Krimis&#8220;, in denen er seit 2013 die Hauptrolle spielt. Vielseitig, kreativ und umtriebig ist der 54-J\u00e4hrige und daher auch auf der Theaterb\u00fchne und im Kabarett zu Hause. Jetzt erz\u00e4hlt er in seinem ersten Buch &#8222;Geht&#8217;s noch? Betrachtungen eines \u00dcberforderten&#8220; humorvoll und mit einem Augenzwinkern Begebenheiten und Anekdoten aus seinem Leben und gew\u00e4hrt Einblicke in sein Familienleben. Als Teil einer Generation, die irgendwo zwischen dem Einfluss von &#8222;Atomkraft? Nein danke!&#8220; und den Influencern von Social Media taumelt, ist Simon Schwarz vor allem eines: \u00fcberfordert. Wie er damit umgeht, erz\u00e4hlt der Familienvater in der NDR Talk Show.<\/p>\n","protected":false},"excerpt":{"rendered":"<p>NDR Fernsehen + HR Fernsehen, 22:30 Uhr &#8211; 00:30 Uhr! Moderation: Barbara Sch\u00f6neberger und Hubertus Meyer-Burckhardt!<\/p>\n","protected":false},"author":2,"featured_media":248817,"comment_status":"open","ping_status":"closed","sticky":false,"template":"","format":"standard","meta":{"_FSMCFIC_featured_image_caption":"","_FSMCFIC_featured_image_nocaption":"","_FSMCFIC_featured_image_hide":""},"categories":[29,128],"tags":[254],"acf":[],"_links":{"self":[{"href":"https:\/\/smago.de\/ws2\/wp-json\/wp\/v2\/posts\/248816"}],"collection":[{"href":"https:\/\/smago.de\/ws2\/wp-json\/wp\/v2\/posts"}],"about":[{"href":"https:\/\/smago.de\/ws2\/wp-json\/wp\/v2\/types\/post"}],"author":[{"embeddable":true,"href":"https:\/\/smago.de\/ws2\/wp-json\/wp\/v2\/users\/2"}],"replies":[{"embeddable":true,"href":"https:\/\/smago.de\/ws2\/wp-json\/wp\/v2\/comments?post=248816"}],"version-history":[{"count":2,"href":"https:\/\/smago.de\/ws2\/wp-json\/wp\/v2\/posts\/248816\/revisions"}],"predecessor-version":[{"id":248820,"href":"https:\/\/smago.de\/ws2\/wp-json\/wp\/v2\/posts\/248816\/revisions\/248820"}],"wp:featuredmedia":[{"embeddable":true,"href":"https:\/\/smago.de\/ws2\/wp-json\/wp\/v2\/media\/248817"}],"wp:attachment":[{"href":"https:\/\/smago.de\/ws2\/wp-json\/wp\/v2\/media?parent=248816"}],"wp:term":[{"taxonomy":"category","embeddable":true,"href":"https:\/\/smago.de\/ws2\/wp-json\/wp\/v2\/categories?post=248816"},{"taxonomy":"post_tag","embeddable":true,"href":"https:\/\/smago.de\/ws2\/wp-json\/wp\/v2\/tags?post=248816"}],"curies":[{"name":"wp","href":"https:\/\/api.w.org\/{rel}","templated":true}]}}