{"id":248780,"date":"2025-10-08T10:23:14","date_gmt":"2025-10-08T08:23:14","guid":{"rendered":"https:\/\/smago.de\/ws2\/?p=248780"},"modified":"2025-10-08T10:23:14","modified_gmt":"2025-10-08T08:23:14","slug":"stefan-raab-heute-08-10-2025-rtl-die-stefan-raab-show-folge-3","status":"publish","type":"post","link":"https:\/\/smago.de\/ws2\/uncategorized\/stefan-raab-heute-08-10-2025-rtl-die-stefan-raab-show-folge-3\/","title":{"rendered":"STEFAN RAAB <br>Heute (08.10.2025), RTL: &#8222;Die Stefan Raab Show&#8220; (Folge 3)!"},"content":{"rendered":"<p>&nbsp;<\/p>\n<p style=\"text-align: justify;\">\n<p style=\"text-align: justify;\">Kampfsport ist einfach Kult. Das l\u00e4sst sich Entertainer Stefan Raab nat\u00fcrlich nicht entgehen und nimmt es pers\u00f6nlich mit MMA-Star Fr\u00e9d\u00e9ric Vosgr\u00f6ne in seiner Show auf. Der professionelle MMA-K\u00e4mpfer und &#8222;Neandertaler&#8220; des Kampfsports ist bisher ungeschlagen. In der Stefan Raab Show zeigt er eine Kostprobe seines k\u00e4mpferischen K\u00f6nnens und den Zuschauern ein paar exklusive Tricks. Wer wird wohl als Sieger aus dem Boxring hervorgehen? Zu Gast ist dar\u00fcber hinaus \u201eTemptation Island VIP\u201c-Moderatorin Janin Ullmann.<\/p>\n<p style=\"text-align: justify;\">\u201cDie Stefan Raab Show\u201d ist diese Woche exklusiv auf RTL+ zu sehen. Am kommenden Mittwoch wieder wie gewohnt linear bei RTL um 20:15 Uhr und vorab auf RTL+.<\/p>\n","protected":false},"excerpt":{"rendered":"<p>&nbsp; Kampfsport ist einfach Kult. Das l\u00e4sst sich Entertainer Stefan Raab nat\u00fcrlich nicht entgehen und nimmt es pers\u00f6nlich mit MMA-Star<\/p>\n","protected":false},"author":2,"featured_media":248781,"comment_status":"open","ping_status":"closed","sticky":false,"template":"","format":"standard","meta":{"_FSMCFIC_featured_image_caption":"","_FSMCFIC_featured_image_nocaption":"","_FSMCFIC_featured_image_hide":""},"categories":[1],"tags":[],"acf":[],"_links":{"self":[{"href":"https:\/\/smago.de\/ws2\/wp-json\/wp\/v2\/posts\/248780"}],"collection":[{"href":"https:\/\/smago.de\/ws2\/wp-json\/wp\/v2\/posts"}],"about":[{"href":"https:\/\/smago.de\/ws2\/wp-json\/wp\/v2\/types\/post"}],"author":[{"embeddable":true,"href":"https:\/\/smago.de\/ws2\/wp-json\/wp\/v2\/users\/2"}],"replies":[{"embeddable":true,"href":"https:\/\/smago.de\/ws2\/wp-json\/wp\/v2\/comments?post=248780"}],"version-history":[{"count":1,"href":"https:\/\/smago.de\/ws2\/wp-json\/wp\/v2\/posts\/248780\/revisions"}],"predecessor-version":[{"id":248782,"href":"https:\/\/smago.de\/ws2\/wp-json\/wp\/v2\/posts\/248780\/revisions\/248782"}],"wp:featuredmedia":[{"embeddable":true,"href":"https:\/\/smago.de\/ws2\/wp-json\/wp\/v2\/media\/248781"}],"wp:attachment":[{"href":"https:\/\/smago.de\/ws2\/wp-json\/wp\/v2\/media?parent=248780"}],"wp:term":[{"taxonomy":"category","embeddable":true,"href":"https:\/\/smago.de\/ws2\/wp-json\/wp\/v2\/categories?post=248780"},{"taxonomy":"post_tag","embeddable":true,"href":"https:\/\/smago.de\/ws2\/wp-json\/wp\/v2\/tags?post=248780"}],"curies":[{"name":"wp","href":"https:\/\/api.w.org\/{rel}","templated":true}]}}