{"id":248662,"date":"2025-10-03T23:59:42","date_gmt":"2025-10-03T21:59:42","guid":{"rendered":"https:\/\/smago.de\/ws2\/?p=248662"},"modified":"2025-10-03T22:08:11","modified_gmt":"2025-10-03T20:08:11","slug":"udo-juergens-sa-04-10-2025-wdr-fernsehen-merci-udo-songs-fuer-die-ewigkeit-von-udo-juergens-ein-film-von-melanie-didier","status":"publish","type":"post","link":"https:\/\/smago.de\/ws2\/schlager\/udo-juergens-sa-04-10-2025-wdr-fernsehen-merci-udo-songs-fuer-die-ewigkeit-von-udo-juergens-ein-film-von-melanie-didier\/","title":{"rendered":"UDO J\u00dcRGENS <br>Sa., 04.10.2025, WDR Fernsehen: &#8220;   Merci, Udo &#8211; Songs f\u00fcr die Ewigkeit von Udo J\u00fcrgens&#8220;! Ein Film von Melanie Didier"},"content":{"rendered":"<p style=\"text-align: justify;\">21:45 Uhr &#8211; 23:15 Uhr! ! Ein Film von Melanie Didier!<!--more--><\/p>\n<div class=\"epg_list_entry_item epg_list_entry_item_title\" style=\"text-align: justify;\"><\/div>\n<div style=\"text-align: justify;\"><\/div>\n<div style=\"text-align: justify;\"><\/div>\n<div style=\"text-align: justify;\"><\/div>\n<div style=\"text-align: justify;\">Seine Hits sind legend\u00e4r, im Bademantel hat er die Welt erobert. \u00dcber 50 Jahre begeisterte UDO J\u00dcRGENS sein Publikum mit gro\u00dfen Schlagern, tollen Partyhits und nachdenklichen Chansons. Ob &#8222;Griechischer Wein&#8220;, &#8222;Das ehrenwerte Haus&#8220; oder &#8222;Merci Ch\u00e9rie&#8220; &#8211; fast jeder kennt diese Lieder und kann sie mitsingen. 10 Jahre ist sein Tod jetzt schon her &#8211; in diesem Jahr w\u00e4re Udo J\u00fcrgens 90 Jahre alt geworden. Grund genug, diesen herausragenden K\u00fcnstler geb\u00fchrend zu feiern. Denn Udo J\u00fcrgens war einer der ganz Gro\u00dfen der Unterhaltungsmusik, er war Komponist, S\u00e4nger, Entertainer &#8211; er war ein Weltstar.<\/p>\n<p>Der Film &#8222;Merci, Udo &#8211; Songs f\u00fcr die Ewigkeit von Udo J\u00fcrgens&#8220; von Melanie Didier w\u00fcrdigt dieses gro\u00dfe Werk Udo J\u00fcrgens mit seinen sch\u00f6nsten und bedeutendsten Liedern. In einf\u00fchlsamen und sehr bewegenden Interviews erz\u00e4hlen seine Kinder Jenny J\u00fcrgens und John J\u00fcrgens, wie es war mit so einem ber\u00fchmten Vater aufzuwachsen und warum sein musikalisches Verm\u00e4chtnis bis heute nachwirkt. Sein langj\u00e4hriger Freund und Bandleader Pepe Lienhard gibt ber\u00fchrende und lustige Einblicke in die Zusammenarbeit mit dem gro\u00dfen K\u00fcnstler. Langj\u00e4hrige Wegbegleiter und Fans wie Entertainer und Kolumnist Oliver Polak, S\u00e4ngerin Stefanie Hertel und Moderatorin Andrea Grie\u00dfmann lassen Udo J\u00fcrgens hoch leben und feiern seine Songs f\u00fcr die Ewigkeit.<\/p><\/div>\n","protected":false},"excerpt":{"rendered":"<p>21:45 Uhr &#8211; 23:15 Uhr! ! Ein Film von Melanie Didier!<\/p>\n","protected":false},"author":2,"featured_media":248663,"comment_status":"open","ping_status":"closed","sticky":false,"template":"","format":"standard","meta":{"_FSMCFIC_featured_image_caption":"","_FSMCFIC_featured_image_nocaption":"","_FSMCFIC_featured_image_hide":""},"categories":[29,128],"tags":[323],"acf":[],"_links":{"self":[{"href":"https:\/\/smago.de\/ws2\/wp-json\/wp\/v2\/posts\/248662"}],"collection":[{"href":"https:\/\/smago.de\/ws2\/wp-json\/wp\/v2\/posts"}],"about":[{"href":"https:\/\/smago.de\/ws2\/wp-json\/wp\/v2\/types\/post"}],"author":[{"embeddable":true,"href":"https:\/\/smago.de\/ws2\/wp-json\/wp\/v2\/users\/2"}],"replies":[{"embeddable":true,"href":"https:\/\/smago.de\/ws2\/wp-json\/wp\/v2\/comments?post=248662"}],"version-history":[{"count":1,"href":"https:\/\/smago.de\/ws2\/wp-json\/wp\/v2\/posts\/248662\/revisions"}],"predecessor-version":[{"id":248664,"href":"https:\/\/smago.de\/ws2\/wp-json\/wp\/v2\/posts\/248662\/revisions\/248664"}],"wp:featuredmedia":[{"embeddable":true,"href":"https:\/\/smago.de\/ws2\/wp-json\/wp\/v2\/media\/248663"}],"wp:attachment":[{"href":"https:\/\/smago.de\/ws2\/wp-json\/wp\/v2\/media?parent=248662"}],"wp:term":[{"taxonomy":"category","embeddable":true,"href":"https:\/\/smago.de\/ws2\/wp-json\/wp\/v2\/categories?post=248662"},{"taxonomy":"post_tag","embeddable":true,"href":"https:\/\/smago.de\/ws2\/wp-json\/wp\/v2\/tags?post=248662"}],"curies":[{"name":"wp","href":"https:\/\/api.w.org\/{rel}","templated":true}]}}