{"id":248599,"date":"2025-10-04T00:00:35","date_gmt":"2025-10-03T22:00:35","guid":{"rendered":"https:\/\/smago.de\/ws2\/?p=248599"},"modified":"2025-10-03T16:44:56","modified_gmt":"2025-10-03T14:44:56","slug":"linda-feller-am-10-10-2025-geht-ihr-neuer-song-engel-an-den-start","status":"publish","type":"post","link":"https:\/\/smago.de\/ws2\/country\/linda-feller-am-10-10-2025-geht-ihr-neuer-song-engel-an-den-start\/","title":{"rendered":"LINDA FELLER <br>Am 10.10.2025 geht ihr neuer Song &#8222;Engel&#8220; an den Start!"},"content":{"rendered":"<p>Der Song erz\u00e4hlt in poetischen Bildern von Trost, Hoffnung und innerer St\u00e4rke\u00a0&#8230;: <!--more--><\/p>\n<p>&nbsp;<\/p>\n<p style=\"text-align: justify;\">Mit gef\u00fchlvollen Worten und einer positiven Botschaft pr\u00e4sentiert LINDA FELLER ihren Titel \u201eEngel\u201c, der den Glauben an sich selbst, an Tr\u00e4ume und an die Wunder des Lebens in den Mittelpunkt stellt.<\/p>\n<p>Der Song erz\u00e4hlt in poetischen Bildern von Trost, Hoffnung und innerer St\u00e4rke und macht deutlich: Jeder Mensch tr\u00e4gt einen Engel in sich \u2013 sichtbar in den leuchtenden Augen, die Kraft und Zuversicht schenken.<\/p>\n<p>Mit ihrer einzigartigen Stimme verleiht Linda dem Titel eine besondere tiefe und trifft die H\u00f6rer mitten ins Herz.<\/p>\n<p>Ein Country-Schlager, der Mut macht, ber\u00fchrt und Zuversicht verbreitet.<\/p>\n","protected":false},"excerpt":{"rendered":"<p>Der Song erz\u00e4hlt in poetischen Bildern von Trost, Hoffnung und innerer St\u00e4rke\u00a0&#8230;:<\/p>\n","protected":false},"author":2,"featured_media":248601,"comment_status":"open","ping_status":"closed","sticky":false,"template":"","format":"standard","meta":{"_FSMCFIC_featured_image_caption":"","_FSMCFIC_featured_image_nocaption":"","_FSMCFIC_featured_image_hide":""},"categories":[4,39],"tags":[181],"acf":[],"_links":{"self":[{"href":"https:\/\/smago.de\/ws2\/wp-json\/wp\/v2\/posts\/248599"}],"collection":[{"href":"https:\/\/smago.de\/ws2\/wp-json\/wp\/v2\/posts"}],"about":[{"href":"https:\/\/smago.de\/ws2\/wp-json\/wp\/v2\/types\/post"}],"author":[{"embeddable":true,"href":"https:\/\/smago.de\/ws2\/wp-json\/wp\/v2\/users\/2"}],"replies":[{"embeddable":true,"href":"https:\/\/smago.de\/ws2\/wp-json\/wp\/v2\/comments?post=248599"}],"version-history":[{"count":2,"href":"https:\/\/smago.de\/ws2\/wp-json\/wp\/v2\/posts\/248599\/revisions"}],"predecessor-version":[{"id":248603,"href":"https:\/\/smago.de\/ws2\/wp-json\/wp\/v2\/posts\/248599\/revisions\/248603"}],"wp:featuredmedia":[{"embeddable":true,"href":"https:\/\/smago.de\/ws2\/wp-json\/wp\/v2\/media\/248601"}],"wp:attachment":[{"href":"https:\/\/smago.de\/ws2\/wp-json\/wp\/v2\/media?parent=248599"}],"wp:term":[{"taxonomy":"category","embeddable":true,"href":"https:\/\/smago.de\/ws2\/wp-json\/wp\/v2\/categories?post=248599"},{"taxonomy":"post_tag","embeddable":true,"href":"https:\/\/smago.de\/ws2\/wp-json\/wp\/v2\/tags?post=248599"}],"curies":[{"name":"wp","href":"https:\/\/api.w.org\/{rel}","templated":true}]}}