{"id":248531,"date":"2025-10-03T00:00:42","date_gmt":"2025-10-02T22:00:42","guid":{"rendered":"https:\/\/smago.de\/ws2\/?p=248531"},"modified":"2025-10-02T16:49:41","modified_gmt":"2025-10-02T14:49:41","slug":"stimmen-der-berge-grosses-gala-konzert-zur-voe-des-neuen-albums-auch-fuer-dich-am-10-10-2025-bei-der-erlebnisholzkugel-in-steinbach-am-see","status":"publish","type":"post","link":"https:\/\/smago.de\/ws2\/schlager\/stimmen-der-berge-grosses-gala-konzert-zur-voe-des-neuen-albums-auch-fuer-dich-am-10-10-2025-bei-der-erlebnisholzkugel-in-steinbach-am-see\/","title":{"rendered":"STIMMEN DER BERGE <br>Gro\u00dfes Gala-Konzert zur V\u00d6 des neuen Albums &#8222;Auch f\u00fcr Dich&#8220; am 10.10.2025 bei der Erlebnisholzkugel in Steinbach am See!"},"content":{"rendered":"<p>Erleben Sie einen unvergesslichen Abend an einem der sch\u00f6nsten Orte der Oberpfalz!<!--more--><\/p>\n<p>&nbsp;<\/p>\n<p style=\"text-align: justify;\">\n<p style=\"text-align: justify;\">Die STIMMEN DER BERGE laden zu einem top-exklusiven Gala-Konzert ein:<\/p>\n<div class=\"sc-jIyAiq dSUDcR\">\n<div class=\"chayns-text-editor mode-0\">\n<p style=\"text-align: justify;\">&#8222;Feiern Sie mit uns die Ver\u00f6ffentlichung unseres neuen Albums &#8218;Auch f\u00fcr Dich&#8216; im neuen \u201ePanorama\u201c bei der Erlebnisholzkugel am Steinberger See.<\/p>\n<p style=\"text-align: justify;\">Bei einem exklusiven Gala-Konzert werden wir unser neues Album erstmals live pr\u00e4sentieren. Dazu gibt&#8217;s nat\u00fcrlich auch die gr\u00f6\u00dften Hits aus 11 Jahren Stimmen der Berge.<\/p>\n<p style=\"text-align: justify;\">Wir freuen uns, Sie am 10.10.2025 um 18:30 Uhr zum Aperitif im einmaligen Ambiente auf der Seeterrasse zu begr\u00fc\u00dfen! Beim anschlie\u00dfenden Gala-Konzert in der neuen Event-Location &#8218;Panorama&#8216; servieren wir Ihnen ein exklusives Men\u00fc.<\/p>\n<p style=\"text-align: justify;\">Die Eintrittskarten f\u00fcr diesen einmaligen Abend sind stark limitiert. G\u00f6nnen Sie sich dieses besondere Erlebnis!<\/p>\n<p style=\"text-align: justify;\">VIP-Ticket inkl. \u00a0Aperitif, Men\u00fc und Galakonzert: 89 EUR p.P.<\/p>\n<p>Reservierung und Kartenvorverkauf:<\/p>\n<p>Tel.: +49 9946 4259922 | Mail: reservierung@tagmusic.de<\/p>\n<\/div>\n<\/div>\n<div class=\"sc-drVZOg blgbHu\"><b>Wann?: <\/b>Fr., 10. Oktober, 18:30 Uhr \u2013 22:30 Uhr<\/div>\n<div class=\"sc-drVZOg blgbHu\"><b><br \/>\nWo? <\/b>D-92449 Steiberg am See, In der Oder 7, Erlegbisholzkugel<\/div>\n","protected":false},"excerpt":{"rendered":"<p>Erleben Sie einen unvergesslichen Abend an einem der sch\u00f6nsten Orte der Oberpfalz!<\/p>\n","protected":false},"author":2,"featured_media":248532,"comment_status":"open","ping_status":"closed","sticky":false,"template":"","format":"standard","meta":{"_FSMCFIC_featured_image_caption":"","_FSMCFIC_featured_image_nocaption":"","_FSMCFIC_featured_image_hide":""},"categories":[29],"tags":[613],"acf":[],"_links":{"self":[{"href":"https:\/\/smago.de\/ws2\/wp-json\/wp\/v2\/posts\/248531"}],"collection":[{"href":"https:\/\/smago.de\/ws2\/wp-json\/wp\/v2\/posts"}],"about":[{"href":"https:\/\/smago.de\/ws2\/wp-json\/wp\/v2\/types\/post"}],"author":[{"embeddable":true,"href":"https:\/\/smago.de\/ws2\/wp-json\/wp\/v2\/users\/2"}],"replies":[{"embeddable":true,"href":"https:\/\/smago.de\/ws2\/wp-json\/wp\/v2\/comments?post=248531"}],"version-history":[{"count":1,"href":"https:\/\/smago.de\/ws2\/wp-json\/wp\/v2\/posts\/248531\/revisions"}],"predecessor-version":[{"id":248533,"href":"https:\/\/smago.de\/ws2\/wp-json\/wp\/v2\/posts\/248531\/revisions\/248533"}],"wp:featuredmedia":[{"embeddable":true,"href":"https:\/\/smago.de\/ws2\/wp-json\/wp\/v2\/media\/248532"}],"wp:attachment":[{"href":"https:\/\/smago.de\/ws2\/wp-json\/wp\/v2\/media?parent=248531"}],"wp:term":[{"taxonomy":"category","embeddable":true,"href":"https:\/\/smago.de\/ws2\/wp-json\/wp\/v2\/categories?post=248531"},{"taxonomy":"post_tag","embeddable":true,"href":"https:\/\/smago.de\/ws2\/wp-json\/wp\/v2\/tags?post=248531"}],"curies":[{"name":"wp","href":"https:\/\/api.w.org\/{rel}","templated":true}]}}