{"id":248480,"date":"2025-10-02T23:59:13","date_gmt":"2025-10-02T21:59:13","guid":{"rendered":"https:\/\/smago.de\/ws2\/?p=248480"},"modified":"2025-10-01T14:08:34","modified_gmt":"2025-10-01T12:08:34","slug":"dieter-hallervorden-u-a-fr-03-10-2025-wdr-fernsehen-75-jahre-ard-die-grosse-jubilaeumsshow","status":"publish","type":"post","link":"https:\/\/smago.de\/ws2\/nonsens\/dieter-hallervorden-u-a-fr-03-10-2025-wdr-fernsehen-75-jahre-ard-die-grosse-jubilaeumsshow\/","title":{"rendered":"DIETER HALLERVORDEN u.a. <br>Fr., 03.10.2025, WDR Fernsehen: &#8222;75 Jahre ARD &#8211; Die gro\u00dfe Jubil\u00e4umsshow&#8220;!"},"content":{"rendered":"<p>21:45 Uhr &#8211; 01:05 Uhr! Moderation: Kai Pflaume!<br \/>\n<!--more--><\/p>\n<p>&nbsp;<\/p>\n<p>&nbsp;<\/p>\n<p style=\"text-align: justify;\">Moderator Kai Pflaume pr\u00e4sentiert mit 75 G\u00e4sten, u. a. Barbara Sch\u00f6neberger, G\u00fcnther Jauch, Ingo Zamperoni, Iris Berben, Klaus J. Behrendt, Dietmar B\u00e4r, Alexander Bommes, Dieter Hallervorden und J\u00fcrgen von der Lippe, die gr\u00f6\u00dften TV-Momente aus einem Dreivierteljahrhundert ARD-Geschichte.<\/p>\n<p style=\"text-align: justify;\">Von &#8222;tagesschau&#8220; bis &#8222;Tatort&#8220;, von Comedy bis zu Showklassikern: Die Zuschauerinnen und Zuschauer hatten online die Wahl. Das Geheimnis, wer gewonnen hat, wird in der Show gel\u00fcftet.<\/p>\n<p style=\"text-align: justify;\">Musikalisch wird die Show von der NDR Bigband begleitet.<\/p>\n<p>Eine Gemeinschaftsproduktion der ARD (Federf\u00fchrung NDR) in Zusammenarbeit mit der i&amp;u TV Produktion GmbH.<\/p>\n<p>&nbsp;<\/p>\n","protected":false},"excerpt":{"rendered":"<p>21:45 Uhr &#8211; 01:05 Uhr! Moderation: Kai Pflaume!<\/p>\n","protected":false},"author":2,"featured_media":248482,"comment_status":"open","ping_status":"closed","sticky":false,"template":"","format":"standard","meta":{"_FSMCFIC_featured_image_caption":"","_FSMCFIC_featured_image_nocaption":"","_FSMCFIC_featured_image_hide":""},"categories":[23,128],"tags":[],"acf":[],"_links":{"self":[{"href":"https:\/\/smago.de\/ws2\/wp-json\/wp\/v2\/posts\/248480"}],"collection":[{"href":"https:\/\/smago.de\/ws2\/wp-json\/wp\/v2\/posts"}],"about":[{"href":"https:\/\/smago.de\/ws2\/wp-json\/wp\/v2\/types\/post"}],"author":[{"embeddable":true,"href":"https:\/\/smago.de\/ws2\/wp-json\/wp\/v2\/users\/2"}],"replies":[{"embeddable":true,"href":"https:\/\/smago.de\/ws2\/wp-json\/wp\/v2\/comments?post=248480"}],"version-history":[{"count":1,"href":"https:\/\/smago.de\/ws2\/wp-json\/wp\/v2\/posts\/248480\/revisions"}],"predecessor-version":[{"id":248483,"href":"https:\/\/smago.de\/ws2\/wp-json\/wp\/v2\/posts\/248480\/revisions\/248483"}],"wp:featuredmedia":[{"embeddable":true,"href":"https:\/\/smago.de\/ws2\/wp-json\/wp\/v2\/media\/248482"}],"wp:attachment":[{"href":"https:\/\/smago.de\/ws2\/wp-json\/wp\/v2\/media?parent=248480"}],"wp:term":[{"taxonomy":"category","embeddable":true,"href":"https:\/\/smago.de\/ws2\/wp-json\/wp\/v2\/categories?post=248480"},{"taxonomy":"post_tag","embeddable":true,"href":"https:\/\/smago.de\/ws2\/wp-json\/wp\/v2\/tags?post=248480"}],"curies":[{"name":"wp","href":"https:\/\/api.w.org\/{rel}","templated":true}]}}