{"id":248476,"date":"2025-10-03T00:00:16","date_gmt":"2025-10-02T22:00:16","guid":{"rendered":"https:\/\/smago.de\/ws2\/?p=248476"},"modified":"2025-10-01T14:01:57","modified_gmt":"2025-10-01T12:01:57","slug":"loriot-u-a-fr-03-10-2025-swr-fernsehen-was-bin-ich-die-besten-ehrengaeste","status":"publish","type":"post","link":"https:\/\/smago.de\/ws2\/comedy\/loriot-u-a-fr-03-10-2025-swr-fernsehen-was-bin-ich-die-besten-ehrengaeste\/","title":{"rendered":"LORIOT u.a. <br>Fr., 03.10.2025, SWR Fernsehen: &#8222;Was bin ich? &#8211; Die besten Ehreng\u00e4ste&#8220;!"},"content":{"rendered":"<p>20:15 Uhr &#8211; 21:15 Uhr! IM ANSCHLUSS: &#8222;Robert Lembke &#8211; Wer bin ich?&#8220; \u2013 Film von Martin Weinhart, 21:15 Uhr &#8211; 22:45 Uhr!<br \/>\n<!--more--><\/p>\n<p>&nbsp;<\/p>\n<p style=\"text-align: justify;\">\n<p style=\"text-align: justify;\">\n&#8222;Was bin ich?&#8220; &#8211; das heitere Beruferaten &#8211; war ein echter Dauerbrenner und ist mehr als vier Jahrzehnte in der ARD regelm\u00e4\u00dfig gezeigt worden.<\/p>\n<p style=\"text-align: justify;\">H\u00f6hepunkt war immer der prominente Gast zum Ende der Sendung, den das Rateteam mit verbundenen Augen erkennen musste.<\/p>\n<p style=\"text-align: justify;\">Von diesen &#8222;H\u00f6hepunkten&#8220; die besten G\u00e4ste mit den lustigsten Momente.<\/p>\n<p>&nbsp;<\/p>\n<p><strong>IM ANSCHLUSS<\/strong><\/p>\n<p><strong>&#8222;Robert Lembke &#8211; Wer bin ich?&#8220;<\/strong><\/p>\n<p>Film von Martin Weinhart<\/p>\n<p>&nbsp;<\/p>\n<p style=\"text-align: justify;\">\n<p style=\"text-align: justify;\">Robert Lembke war ein Mensch, der Au\u00dfergew\u00f6hnliches \u00fcber sein Leben zu berichten gehabt h\u00e4tte. Doch der beliebte Quizmaster, Journalist und TV-Manager sprach nicht \u00fcber seine bewegte Vergangenheit.<\/p>\n<p style=\"text-align: justify;\">Der Film folgt den Spuren seiner ungew\u00f6hnlichen Biografie und fragt nach den Gr\u00fcnden f\u00fcr Lembkes Schweigen.<\/p>\n<p>&nbsp;<\/p>\n<p>&nbsp;<\/p>\n<figure id=\"attachment_248478\" aria-describedby=\"caption-attachment-248478\" style=\"width: 800px\" class=\"wp-caption alignnone\"><img decoding=\"async\" loading=\"lazy\" class=\"size-large wp-image-248478\" src=\"https:\/\/smago.de\/ws2\/wp-content\/uploads\/2025\/10\/1_Robert_Lembke_Wer_bin_ich-800x528.jpg\" alt=\"\" width=\"800\" height=\"528\" srcset=\"https:\/\/smago.de\/ws2\/wp-content\/uploads\/2025\/10\/1_Robert_Lembke_Wer_bin_ich-800x528.jpg 800w, https:\/\/smago.de\/ws2\/wp-content\/uploads\/2025\/10\/1_Robert_Lembke_Wer_bin_ich-522x345.jpg 522w, https:\/\/smago.de\/ws2\/wp-content\/uploads\/2025\/10\/1_Robert_Lembke_Wer_bin_ich-227x150.jpg 227w, https:\/\/smago.de\/ws2\/wp-content\/uploads\/2025\/10\/1_Robert_Lembke_Wer_bin_ich-768x507.jpg 768w, https:\/\/smago.de\/ws2\/wp-content\/uploads\/2025\/10\/1_Robert_Lembke_Wer_bin_ich-1536x1014.jpg 1536w, https:\/\/smago.de\/ws2\/wp-content\/uploads\/2025\/10\/1_Robert_Lembke_Wer_bin_ich-2048x1352.jpg 2048w, https:\/\/smago.de\/ws2\/wp-content\/uploads\/2025\/10\/1_Robert_Lembke_Wer_bin_ich-392x259.jpg 392w, https:\/\/smago.de\/ws2\/wp-content\/uploads\/2025\/10\/1_Robert_Lembke_Wer_bin_ich-130x86.jpg 130w, https:\/\/smago.de\/ws2\/wp-content\/uploads\/2025\/10\/1_Robert_Lembke_Wer_bin_ich-674x445.jpg 674w, https:\/\/smago.de\/ws2\/wp-content\/uploads\/2025\/10\/1_Robert_Lembke_Wer_bin_ich-791x522.jpg 791w, https:\/\/smago.de\/ws2\/wp-content\/uploads\/2025\/10\/1_Robert_Lembke_Wer_bin_ich-288x190.jpg 288w, https:\/\/smago.de\/ws2\/wp-content\/uploads\/2025\/10\/1_Robert_Lembke_Wer_bin_ich-435x287.jpg 435w, https:\/\/smago.de\/ws2\/wp-content\/uploads\/2025\/10\/1_Robert_Lembke_Wer_bin_ich-150x100.jpg 150w\" sizes=\"(max-width: 800px) 100vw, 800px\" \/><figcaption id=\"caption-attachment-248478\" class=\"wp-caption-text\"><\/em> <em>Bildcollage: Im Vordergrund: Robert Lembke als Moderator der Quizshow &#8222;Was bin ich?&#8220; auf dem Bildschirm eines 4:3 Fernsehger\u00e4tes. Im Hintergrund: Stra\u00dfenszene mit Panzern, die an zerbombten H\u00e4userfronten vorbeifahren, mittig die Silhouette des Schauspielers Johann von B\u00fclow in der Rolle des Robert Lemke von hinten gesehen, rechts im Bild der M\u00fcnchner Olympiaturm.<\/em><\/p>\n<p><em>\u00a9 SWR &#8211; megaherz; Getty Images\/United Archives; SZ Photo<\/em><\/figcaption><\/figure>\n","protected":false},"excerpt":{"rendered":"<p>20:15 Uhr &#8211; 21:15 Uhr! IM ANSCHLUSS: &#8222;Robert Lembke &#8211; Wer bin ich?&#8220; \u2013 Film von Martin Weinhart, 21:15 Uhr<\/p>\n","protected":false},"author":2,"featured_media":248477,"comment_status":"open","ping_status":"closed","sticky":false,"template":"","format":"standard","meta":{"_FSMCFIC_featured_image_caption":"","_FSMCFIC_featured_image_nocaption":"","_FSMCFIC_featured_image_hide":""},"categories":[3,128],"tags":[4729,810],"acf":[],"_links":{"self":[{"href":"https:\/\/smago.de\/ws2\/wp-json\/wp\/v2\/posts\/248476"}],"collection":[{"href":"https:\/\/smago.de\/ws2\/wp-json\/wp\/v2\/posts"}],"about":[{"href":"https:\/\/smago.de\/ws2\/wp-json\/wp\/v2\/types\/post"}],"author":[{"embeddable":true,"href":"https:\/\/smago.de\/ws2\/wp-json\/wp\/v2\/users\/2"}],"replies":[{"embeddable":true,"href":"https:\/\/smago.de\/ws2\/wp-json\/wp\/v2\/comments?post=248476"}],"version-history":[{"count":1,"href":"https:\/\/smago.de\/ws2\/wp-json\/wp\/v2\/posts\/248476\/revisions"}],"predecessor-version":[{"id":248479,"href":"https:\/\/smago.de\/ws2\/wp-json\/wp\/v2\/posts\/248476\/revisions\/248479"}],"wp:featuredmedia":[{"embeddable":true,"href":"https:\/\/smago.de\/ws2\/wp-json\/wp\/v2\/media\/248477"}],"wp:attachment":[{"href":"https:\/\/smago.de\/ws2\/wp-json\/wp\/v2\/media?parent=248476"}],"wp:term":[{"taxonomy":"category","embeddable":true,"href":"https:\/\/smago.de\/ws2\/wp-json\/wp\/v2\/categories?post=248476"},{"taxonomy":"post_tag","embeddable":true,"href":"https:\/\/smago.de\/ws2\/wp-json\/wp\/v2\/tags?post=248476"}],"curies":[{"name":"wp","href":"https:\/\/api.w.org\/{rel}","templated":true}]}}