{"id":248471,"date":"2025-10-01T23:59:09","date_gmt":"2025-10-01T21:59:09","guid":{"rendered":"https:\/\/smago.de\/ws2\/?p=248471"},"modified":"2025-10-01T13:49:59","modified_gmt":"2025-10-01T11:49:59","slug":"patricia-kelly-do-fr-02-03-10-2025-ndr-fernsehen-kaeptns-dinner","status":"publish","type":"post","link":"https:\/\/smago.de\/ws2\/schlager\/patricia-kelly-do-fr-02-03-10-2025-ndr-fernsehen-kaeptns-dinner\/","title":{"rendered":"PATRICIA KELLY <br>Do.\/Fr., 02.\/03.10.2025, NDR Fernsehen: &#8222;K\u00e4pt&#8217;ns Dinner&#8220;!"},"content":{"rendered":"<p style=\"text-align: justify;\">00:00 Uhr &#8211; 00:30 Uhr! Moderation: Michel Abdollahi!<!--more--><\/p>\n<p>&nbsp;<\/p>\n<p>&nbsp;<\/p>\n<p>&nbsp;<\/p>\n<p style=\"text-align: justify;\">PATRICIA KELLY ist bekennende Katholikin, bekennender Fan der Kelly Family und hat Cojones (also Eier, wie es in ihrer spanischen Muttersprache hei\u00dft) und Herz. Auf die Frage von Gastgeber Michel Abdollahi, welcher ihr &#8222;Lieblings-Kelly&#8220; ist, wei\u00df sie zun\u00e4chst keine Antwort, um dann umso \u00fcberzeugter zu rufen: &#8222;Kathy!&#8220;. Bis heute ist sie mit den meisten ihrer Geschwister eng verbunden, auch wenn sie gerade zu zweien keinen Kontakt hat: &#8222;Nat\u00fcrlich verrate ich nicht, zu welchen.&#8220; Angelo Kelly, der auch schon zum Dinner im U-Boot bei Michel Abdollahi war, ist es in jedem Fall nicht.<\/p>\n<p>&nbsp;<\/p>\n<p>&nbsp;<\/p>\n<p>&nbsp;<\/p>\n<p style=\"text-align: justify;\"><strong>Patricia Kelly managt und macht Musik<\/strong><\/p>\n<p>&nbsp;<\/p>\n<p style=\"text-align: justify;\">Nach dem Tod der Mutter, der Vater Kelly in tiefe Depressionen st\u00fcrzt, \u00fcbernimmt Patricia Kelly, 1969 in Spanien geboren, gemeinsam mit ihrer neun Jahre \u00e4lteren Schwester Kathy die Versorgung der Gro\u00dffamilie: vom Windel wechseln bis zum Organisieren von Auftritten. Sp\u00e4ter ist sie im Familienclan die Verhandlerin gegen\u00fcber der Musikindustrie und jettet mit kaum 20 Jahren um die Welt. Ihr Leben mit und f\u00fcr die Musik beginnt schon im Alter von f\u00fcnf Jahren. Da steht Patricia Kelly zum ersten Mal als Stra\u00dfenmusikerin vor Publikum. Bekannt wird sie dann (nat\u00fcrlich) als Mitglied der Pop- und Folk-Band The Kelly Family, die ab 1974 haupts\u00e4chlich Stra\u00dfenkonzerte gibt, 1994 ihren kommerziellen Durchbruch erzielt und mit mehr als 20 Millionen verkauften Tontr\u00e4gern zu den erfolgreichsten Interpreten in Europa geh\u00f6rt.<\/p>\n<p style=\"text-align: justify;\">Bei Michel Abdollahis &#8222;K\u00e4pt&#8217;ns Dinner&#8220; aus einem ausrangierten U-Boot im Hamburger Hafen wird es eng, intensiv und pers\u00f6nlich. Jenseits von allem Small Talk: keine Kerzen, kein Tischtuch und erst recht keine Zeit f\u00fcr belanglose Plaudereien. Sondern eine halbe Stunde Talk \u00fcber alles, was die Welt bewegt &#8211; und sonst noch wichtig ist.<\/p>\n<p>&nbsp;<\/p>\n<figure id=\"attachment_248473\" aria-describedby=\"caption-attachment-248473\" style=\"width: 800px\" class=\"wp-caption alignnone\"><img decoding=\"async\" loading=\"lazy\" class=\"size-large wp-image-248473\" src=\"https:\/\/smago.de\/ws2\/wp-content\/uploads\/2025\/10\/3_Kaeptns_Dinner_mit_Michel_Abdollahi_und_Patricia_Kelly-800x528.jpg\" alt=\"\" width=\"800\" height=\"528\" srcset=\"https:\/\/smago.de\/ws2\/wp-content\/uploads\/2025\/10\/3_Kaeptns_Dinner_mit_Michel_Abdollahi_und_Patricia_Kelly-800x528.jpg 800w, https:\/\/smago.de\/ws2\/wp-content\/uploads\/2025\/10\/3_Kaeptns_Dinner_mit_Michel_Abdollahi_und_Patricia_Kelly-522x345.jpg 522w, https:\/\/smago.de\/ws2\/wp-content\/uploads\/2025\/10\/3_Kaeptns_Dinner_mit_Michel_Abdollahi_und_Patricia_Kelly-227x150.jpg 227w, https:\/\/smago.de\/ws2\/wp-content\/uploads\/2025\/10\/3_Kaeptns_Dinner_mit_Michel_Abdollahi_und_Patricia_Kelly-768x507.jpg 768w, https:\/\/smago.de\/ws2\/wp-content\/uploads\/2025\/10\/3_Kaeptns_Dinner_mit_Michel_Abdollahi_und_Patricia_Kelly-1536x1014.jpg 1536w, https:\/\/smago.de\/ws2\/wp-content\/uploads\/2025\/10\/3_Kaeptns_Dinner_mit_Michel_Abdollahi_und_Patricia_Kelly-2048x1352.jpg 2048w, https:\/\/smago.de\/ws2\/wp-content\/uploads\/2025\/10\/3_Kaeptns_Dinner_mit_Michel_Abdollahi_und_Patricia_Kelly-392x259.jpg 392w, https:\/\/smago.de\/ws2\/wp-content\/uploads\/2025\/10\/3_Kaeptns_Dinner_mit_Michel_Abdollahi_und_Patricia_Kelly-130x86.jpg 130w, https:\/\/smago.de\/ws2\/wp-content\/uploads\/2025\/10\/3_Kaeptns_Dinner_mit_Michel_Abdollahi_und_Patricia_Kelly-674x445.jpg 674w, https:\/\/smago.de\/ws2\/wp-content\/uploads\/2025\/10\/3_Kaeptns_Dinner_mit_Michel_Abdollahi_und_Patricia_Kelly-791x522.jpg 791w, https:\/\/smago.de\/ws2\/wp-content\/uploads\/2025\/10\/3_Kaeptns_Dinner_mit_Michel_Abdollahi_und_Patricia_Kelly-288x190.jpg 288w, https:\/\/smago.de\/ws2\/wp-content\/uploads\/2025\/10\/3_Kaeptns_Dinner_mit_Michel_Abdollahi_und_Patricia_Kelly-435x287.jpg 435w, https:\/\/smago.de\/ws2\/wp-content\/uploads\/2025\/10\/3_Kaeptns_Dinner_mit_Michel_Abdollahi_und_Patricia_Kelly-150x100.jpg 150w\" sizes=\"(max-width: 800px) 100vw, 800px\" \/><figcaption id=\"caption-attachment-248473\" class=\"wp-caption-text\"><em>Patricia Kelly (li.) und Michel Abdollahi<\/em><\/p>\n<p><em>\u00a9 NDR \/ Marc Huth<\/em><\/figcaption><\/figure>\n","protected":false},"excerpt":{"rendered":"<p>00:00 Uhr &#8211; 00:30 Uhr! Moderation: Michel Abdollahi!<\/p>\n","protected":false},"author":2,"featured_media":248472,"comment_status":"open","ping_status":"closed","sticky":false,"template":"","format":"standard","meta":{"_FSMCFIC_featured_image_caption":"","_FSMCFIC_featured_image_nocaption":"","_FSMCFIC_featured_image_hide":""},"categories":[29,128],"tags":[550],"acf":[],"_links":{"self":[{"href":"https:\/\/smago.de\/ws2\/wp-json\/wp\/v2\/posts\/248471"}],"collection":[{"href":"https:\/\/smago.de\/ws2\/wp-json\/wp\/v2\/posts"}],"about":[{"href":"https:\/\/smago.de\/ws2\/wp-json\/wp\/v2\/types\/post"}],"author":[{"embeddable":true,"href":"https:\/\/smago.de\/ws2\/wp-json\/wp\/v2\/users\/2"}],"replies":[{"embeddable":true,"href":"https:\/\/smago.de\/ws2\/wp-json\/wp\/v2\/comments?post=248471"}],"version-history":[{"count":2,"href":"https:\/\/smago.de\/ws2\/wp-json\/wp\/v2\/posts\/248471\/revisions"}],"predecessor-version":[{"id":248475,"href":"https:\/\/smago.de\/ws2\/wp-json\/wp\/v2\/posts\/248471\/revisions\/248475"}],"wp:featuredmedia":[{"embeddable":true,"href":"https:\/\/smago.de\/ws2\/wp-json\/wp\/v2\/media\/248472"}],"wp:attachment":[{"href":"https:\/\/smago.de\/ws2\/wp-json\/wp\/v2\/media?parent=248471"}],"wp:term":[{"taxonomy":"category","embeddable":true,"href":"https:\/\/smago.de\/ws2\/wp-json\/wp\/v2\/categories?post=248471"},{"taxonomy":"post_tag","embeddable":true,"href":"https:\/\/smago.de\/ws2\/wp-json\/wp\/v2\/tags?post=248471"}],"curies":[{"name":"wp","href":"https:\/\/api.w.org\/{rel}","templated":true}]}}