{"id":248467,"date":"2025-10-01T23:59:22","date_gmt":"2025-10-01T21:59:22","guid":{"rendered":"https:\/\/smago.de\/ws2\/?p=248467"},"modified":"2025-10-01T13:43:25","modified_gmt":"2025-10-01T11:43:25","slug":"ina-mueller-und-gaeste-do-fr-02-03-10-2025-inas-nacht","status":"publish","type":"post","link":"https:\/\/smago.de\/ws2\/pop-schlager\/ina-mueller-und-gaeste-do-fr-02-03-10-2025-inas-nacht\/","title":{"rendered":"INA M\u00dcLLER und G\u00e4ste <br>Do.\/Fr., 02.\/03.10.2025: &#8222;Inas Nacht&#8220;!"},"content":{"rendered":"<p id=\"\" class=\"text small\" style=\"text-align: justify;\">&#8222;Die Late-Night-Show mit der Entertainerin, S\u00e4ngerin und Moderatorin Ina M\u00fcller, \u00a0nach M\u00fcllerin Art: Talk, Comedy und viel, viel Musik in der Hamburger Kneipe &#8218;Zum Schellfischposten'&#8220; \/\/ Das Erste, ARD, 23:50 Uhr &#8211; 00:50 Uhr (Wh.: Sa.\/So., 04.\/05.10., 23:50 Uhr &#8211; 00:50 Uhr)!<br \/>\n<!--more--><\/p>\n<p>&nbsp;<\/p>\n<p>&nbsp;<\/p>\n<p>&nbsp;<\/p>\n<p id=\"\" class=\"text small\" style=\"text-align: justify;\">Diesmal begr\u00fc\u00dft INA M\u00dcLLER zuerst B\u00e4rbel Bas, Co-Vorsitzende der SPD und Bundesministerin f\u00fcr Arbeit und Soziales. Sie erz\u00e4hlt von ihrer Jugend auf dem Fu\u00dfballplatz, ihrer Zeit als Bundestagspr\u00e4sidentin und ihrer Leidenschaft f\u00fcr Motorr\u00e4der.<\/p>\n<p id=\"\" class=\"text small\" style=\"text-align: justify;\">Zum Gespr\u00e4ch hinzu kommt der Comedian und Kabarettist Abdelkarim. Wie B\u00e4rbel Bas in Duisburg wohnhaft, berichtet er vom Aufwachsen in einer Gro\u00dffamilie, seinem Weg auf die B\u00fchne und seinen Alltagserlebnissen in Bus und Bahn.<\/p>\n<p id=\"\" class=\"text small\" style=\"text-align: justify;\">Erster Musikgast dieser Folge ist die britische Soulmusikerin Olivia Dean, die seit ihrem ersten \u201eInas Nacht\u201c-Besuch im Jahr 2023 zu einem der gro\u00dfen Stars der internationalen Musikwelt arriviert ist.<\/p>\n<p id=\"\" class=\"text small\" style=\"text-align: justify;\">Den Abend beschlie\u00dft der aus der N\u00e4he von K\u00f6ln stammende Musiker KORD, der seinen deutschsprachigen und geradlinigen Rocksound als TV-Premiere vorstellt.<\/p>\n<p id=\"\" class=\"text small\" style=\"text-align: justify;\">Wie immer mit dabei sind auch die 20 Herren des Wilhelmsburger Shantychors De Tampentrekker, die vor den Kneipenfenstern die Stellung halten und f\u00fcr musikalische Intermezzi sorgen. 14 Personen bestreiten das Publikum und d\u00fcrfen mit den Bierdeckelfragen mithelfen. Und alle werden wieder bestens versorgt von der Kneipenwirtin Frau M\u00fcller \u2013 nicht verwandt und verschw\u00e4gert mit Ina. Klingt leicht chaotisch? Soll es auch!<\/p>\n","protected":false},"excerpt":{"rendered":"<p>&#8222;Die Late-Night-Show mit der Entertainerin, S\u00e4ngerin und Moderatorin Ina M\u00fcller, \u00a0nach M\u00fcllerin Art: Talk, Comedy und viel, viel Musik in<\/p>\n","protected":false},"author":2,"featured_media":248468,"comment_status":"open","ping_status":"closed","sticky":false,"template":"","format":"standard","meta":{"_FSMCFIC_featured_image_caption":"","_FSMCFIC_featured_image_nocaption":"","_FSMCFIC_featured_image_hide":""},"categories":[28,128],"tags":[327],"acf":[],"_links":{"self":[{"href":"https:\/\/smago.de\/ws2\/wp-json\/wp\/v2\/posts\/248467"}],"collection":[{"href":"https:\/\/smago.de\/ws2\/wp-json\/wp\/v2\/posts"}],"about":[{"href":"https:\/\/smago.de\/ws2\/wp-json\/wp\/v2\/types\/post"}],"author":[{"embeddable":true,"href":"https:\/\/smago.de\/ws2\/wp-json\/wp\/v2\/users\/2"}],"replies":[{"embeddable":true,"href":"https:\/\/smago.de\/ws2\/wp-json\/wp\/v2\/comments?post=248467"}],"version-history":[{"count":2,"href":"https:\/\/smago.de\/ws2\/wp-json\/wp\/v2\/posts\/248467\/revisions"}],"predecessor-version":[{"id":248470,"href":"https:\/\/smago.de\/ws2\/wp-json\/wp\/v2\/posts\/248467\/revisions\/248470"}],"wp:featuredmedia":[{"embeddable":true,"href":"https:\/\/smago.de\/ws2\/wp-json\/wp\/v2\/media\/248468"}],"wp:attachment":[{"href":"https:\/\/smago.de\/ws2\/wp-json\/wp\/v2\/media?parent=248467"}],"wp:term":[{"taxonomy":"category","embeddable":true,"href":"https:\/\/smago.de\/ws2\/wp-json\/wp\/v2\/categories?post=248467"},{"taxonomy":"post_tag","embeddable":true,"href":"https:\/\/smago.de\/ws2\/wp-json\/wp\/v2\/tags?post=248467"}],"curies":[{"name":"wp","href":"https:\/\/api.w.org\/{rel}","templated":true}]}}