{"id":248461,"date":"2025-10-03T00:00:53","date_gmt":"2025-10-02T22:00:53","guid":{"rendered":"https:\/\/smago.de\/ws2\/?p=248461"},"modified":"2025-10-01T13:37:36","modified_gmt":"2025-10-01T11:37:36","slug":"ndr-talk-2","status":"publish","type":"post","link":"https:\/\/smago.de\/ws2\/schlager\/ndr-talk-2\/","title":{"rendered":"BEATRICE EGLI <br>Heute (03.10.2025) in der &#8222;NDR Talk Show&#8220; zu Gast!"},"content":{"rendered":"<p style=\"text-align: justify;\">NDR Fernsehen + HR Fernsehen, 22:00 Uhr &#8211; 00:00 Uhr! Moderation: Bettina Tietjen und Steven G\u00e4tjen!<!--more--><\/p>\n<header>\u00a0<\/header>\n<header><\/header>\n<header><\/header>\n<header><\/header>\n<p class=\"\" style=\"text-align: justify;\">Bettina Tietjen und Steven G\u00e4tjen begr\u00fc\u00dfen in der NDR Talk Show aus Hamburg folgende G\u00e4ste &#8230;:<\/p>\n<p>&nbsp;<\/p>\n<p>&nbsp;<\/p>\n<p>&nbsp;<\/p>\n<h2 id=\"Kaya-Yanar-Comedian\" style=\"text-align: justify;\">Kaya Yanar, Comedian<\/h2>\n<div style=\"text-align: justify;\">\n<div class=\"contentimage s-100 m-50\">\n<div class=\"image-container\"><\/div>\n<\/div>\n<\/div>\n<p class=\"\" style=\"text-align: justify;\">Er ist Deutscher, hat t\u00fcrkische Eltern und lebt in der Schweiz: F\u00fcr Ethno-Comedy, die alle m\u00f6glichen Kulturen auf die Schippe nimmt, ist Kaya Yanar also wie gemacht. Als er 2001 mit seiner Fernsehsendung &#8222;Was guckst du?!&#8220; auf der Bildfl\u00e4che erscheint, sind die Zuschauer sofort begeistert. Er imitiert, parodiert und persifliert Deutsche, T\u00fcrken, Inder, Russen, und macht das so gut, dass er \u00fcber Nacht zum neuen Star der hiesigen Comedy-Szene avanciert. Seit mehr als 20 Jahren steht Yanar mittlerweile auf der B\u00fchne und die Themen gehen ihm nicht aus. &#8222;Ich merke, meine Toleranz f\u00fcr Idioten nimmt ab. Ich sollte altersmilde werden, werde aber alterswild&#8220;, so Yanar \u00fcber sein hitziges Gem\u00fct. Was ihn derzeit in Rage bringt, das verr\u00e4t er in der NDR Talk Show.<\/p>\n<p>&nbsp;<\/p>\n<p>&nbsp;<\/p>\n<p>&nbsp;<\/p>\n<h2 id=\"Malte-Zierden-Tierschuetzer\" style=\"text-align: justify;\">Malte Zierden, Tiersch\u00fctzer<\/h2>\n<div class=\"\" style=\"text-align: justify;\">\n<div class=\"contentbox s-100 m-50 std\">\n<div class=\"teaser\" data-type=\"inlineplay\">\n<div class=\"teaserimage\">\n<div class=\"image-container std\">\n<p>&nbsp;<\/p>\n<\/div>\n<\/div>\n<\/div>\n<\/div>\n<\/div>\n<p class=\"\" style=\"text-align: justify;\">&#8222;Ehrlich gesagt habe ich mich schon immer besser mit Tieren als mit Menschen verstanden&#8220;, sagt Malte Zierden. Kein Wunder, denn der 36-J\u00e4hrige w\u00e4chst auf einem Bauernhof mit vielen Tieren in Ostfriesland auf. 2019 wird er \u00fcber Nacht zum Social-Media-Star, als er auf Instagram selbstironisch \u00fcber eine sehr schmerzhafte Kiefer-Operation berichtet. \u00dcber eine Million Menschen folgen ihm mittlerweile auf TikTok und eine Million auf Instagram. Seine Reichweite nutzt Zierden inzwischen, um sich f\u00fcr den Tierschutz einzusetzen. Unter anderem evakuiert er Tiere aus der Ukraine und bringt sie in europ\u00e4ischen Tierheimen unter. In der NDR Talk Show spricht der sympathische Ostfriese \u00fcber seinen ungew\u00f6hnlichen Werdegang und seinen Traum von einem eigenen Tierheim.<\/p>\n<p>&nbsp;<\/p>\n<p>&nbsp;<\/p>\n<p>&nbsp;<\/p>\n<h2 id=\"Daniel-Schmidt-Autor-und-Kiez-Wirt\" style=\"text-align: justify;\">Daniel Schmidt, Autor und Kiez-Wirt<\/h2>\n<div class=\"\" style=\"text-align: justify;\">\n<div class=\"contentbox s-100 m-50 std\">\n<div class=\"teaser\">\n<div class=\"teaserimage\">\n<div class=\"image-container std\"><\/div>\n<\/div>\n<div class=\"teaserpadding\">\n<div class=\"teasertext\">\n<p>&nbsp;<\/p>\n<\/div>\n<\/div>\n<\/div>\n<\/div>\n<\/div>\n<p class=\"\" style=\"text-align: justify;\">Er ist ein St. Pauli-Original und h\u00e4lt mit dem legend\u00e4ren Elbschlosskeller eine wahre Kiez-Institution am Laufen, Tag und Nacht ge\u00f6ffnet. Seit seinem 18. Lebensjahr steht der 41-J\u00e4hrige hinter der Theke der Kultkneipe und ist Anlaufpunkt f\u00fcr Menschen, die hier Unterhaltung, aber auch Zuflucht und Schutz suchen und finden. Er selbst erlebt in seinem Leben viele Tiefpunkte und Abst\u00fcrze. Doch nie gibt der geb\u00fcrtige Hamburger die Hoffnung auf. Dabei hilft ihm sein unersch\u00fctterlicher Optimismus und sein tiefer christlicher Glaube. In seinem neuen Buch &#8222;L\u00f6wengrube. Kein Roman. Aus dem Vorhof zur H\u00f6lle zu einem Leben in Liebe&#8220; und in der NDR Talk Show erz\u00e4hlt Daniel Schmidt, wie ihm der Glaube auf seinem oft steinigen Lebensweg geholfen hat.<\/p>\n<p>&nbsp;<\/p>\n<p>&nbsp;<\/p>\n<p>&nbsp;<\/p>\n<h2 id=\"Beatrice-Egli-Saengerin\" style=\"text-align: justify;\">Beatrice Egli, S\u00e4ngerin<\/h2>\n<div style=\"text-align: justify;\">\n<div class=\"contentimage s-100 m-50\">\n<div class=\"image-container\"><\/div>\n<p>&nbsp;<\/p>\n<\/div>\n<\/div>\n<p class=\"\" style=\"text-align: justify;\">Energiegeladen, charmant, bodenst\u00e4ndig und immer ansteckend fr\u00f6hlich &#8211; so ist die Schweizer S\u00e4ngerin Beatrice Egli. Vor zw\u00f6lf Jahren wird sie Siegerin der Casting-Show &#8222;Deutschland sucht den Superstar&#8220; und ist seitdem aus der Schlagerbranche nicht mehr wegzudenken. Sie verkauft \u00fcber zwei Millionen Tontr\u00e4ger, sammelt Gold- und Platin-Auszeichnungen und ist auch als Moderatorin ihrer eigenen Musik-Show erfolgreich. Vor zwei Jahren stieg sie mit ihrem Album &#8222;Balance&#8220; auf Platz 1 der deutschen Albumcharts ein. Jetzt erscheint am 2. Oktober ihr aktuelles Album &#8222;H\u00f6r nie auf damit&#8220;. Wie wichtig f\u00fcr sie ihre Familie ist und in welchen Situationen sie &#8222;voll unter Strom&#8220; ist, verr\u00e4t sie in der NDR Talk Show.<\/p>\n<p>&nbsp;<\/p>\n<p>&nbsp;<\/p>\n<p>&nbsp;<\/p>\n<h2 id=\"Melika-Foroutan-und-Edin-Hasanovic-Schauspielerin\" style=\"text-align: justify;\">Melika Foroutan und Edin Hasanovic, Schauspieler\/in<\/h2>\n<div style=\"text-align: justify;\">\n<div class=\"contentimage s-100 m-50\">\n<p>&nbsp;<\/p>\n<\/div>\n<\/div>\n<p class=\"\" style=\"text-align: justify;\">Frischer Wind f\u00fcr den &#8222;Tatort&#8220; aus Frankfurt: Edin Hasanovic und Melika Foroutan ermitteln ab Oktober f\u00fcr den Sonntagskrimi in sogenannten &#8222;Cold Cases&#8220;. Der 33-J\u00e4hrige und die 49-J\u00e4hrige beerben Margarita Broich und Wolfram Koch, die nach fast zehn Jahren ihren letzten Auftritt hatten. Erstmals spielt der Sonntagskrimi nun in einer Abteilung, deren Ermittlungen sich auf Mordf\u00e4lle und T\u00f6tungsdelikte konzentrieren, die in der Vergangenheit ungel\u00f6st blieben. Typische Kabbeleien und griesgr\u00e4mige Ermittlungen soll es k\u00fcnftig in Frankfurt zwischen den neuen Partnern Maryam Azadi und Hamza Kulina nicht geben. Stattdessen setzt der Main-Krimi auf Empathie. Foroutan und Hasanovic d\u00fcrfen auch ein St\u00fcck ihrer eigenen Biografien mit in die Rollen geben: So stammt Azadi wie Foroutan aus dem Iran, Kulina wie Hasanovic aus Bosnien. Foroutans Familie habe begeistert auf ihre Ernennung zur &#8222;Tatort&#8220;-Kommissarin reagiert und gejubelt: &#8222;Wir sind jetzt &#8218;Tatort&#8216;!&#8220; Warum Edin Hasanovic erst Angst hatte, die Rolle anzunehmen, und wie sich f\u00fcr Melika Foroutan damit ein Kreis schlie\u00dft, das erz\u00e4hlen sie in der NDR Talk Show.<\/p>\n<p>&nbsp;<\/p>\n<p>&nbsp;<\/p>\n<p>&nbsp;<\/p>\n<h2 id=\"Ingo-Zamperoni-Journalist-und-Moderator\" style=\"text-align: justify;\">Ingo Zamperoni, Journalist und Moderator<\/h2>\n<div style=\"text-align: justify;\">\n<div class=\"contentimage s-100 m-50\">\n<p>&nbsp;<\/p>\n<\/div>\n<\/div>\n<p class=\"\" style=\"text-align: justify;\">Ingo Zamperoni geh\u00f6rt zu den profiliertesten Journalisten des Landes und schickt uns seit 2016 regelm\u00e4\u00dfig mit den Worten &#8222;Bleiben Sie zuversichtlich&#8220; am Ende der &#8222;tagesthemen&#8220; in die Nacht. Der 51-J\u00e4hrige studiert in Konstanz, Berlin und Boston Amerikanistik, Jura und Geschichte, volontiert beim NDR und ist ab 2002 als Autor und Reporter f\u00fcr das NDR Fernsehen t\u00e4tig. Er macht mehrere preisgekr\u00f6nte Dokumentationen \u00fcber die US-amerikanischen und italienischen Teile seiner Familie und pr\u00e4sentiert seit 2024 die <a title=\"&amp;quot;Die 100 - was Deutschland bewegt&amp;quot;\" href=\"https:\/\/www.ardmediathek.de\/sendung\/die-100-was-deutschland-bewegt\/Y3JpZDovL25kci5kZS80OTU0\">ARD-Sendung &#8222;Die 100&#8220;<\/a>. In der \u00e4u\u00dfern 100 Menschen ihre Meinungen zu aktuellen gesellschaftspolitischen Themen. Zuh\u00f6ren, verschiedene Perspektiven kennenlernen und Sichtweisen \u00fcberdenken &#8211; darum geht es in diesem Debattenformat. Welche Themen in den neuen Folgen besprochen werden und warum er bei seinen Moderationen lange an seine Gro\u00dfmutter gedacht hat, das erz\u00e4hlt Ingo Zamperoni in der NDR Talk Show.<\/p>\n<div class=\"contentbox w100 broadcastdetails\">\n<div class=\"theta\" style=\"text-align: justify;\"><\/div>\n<\/div>\n","protected":false},"excerpt":{"rendered":"<p>NDR Fernsehen + HR Fernsehen, 22:00 Uhr &#8211; 00:00 Uhr! Moderation: Bettina Tietjen und Steven G\u00e4tjen!<\/p>\n","protected":false},"author":2,"featured_media":248464,"comment_status":"open","ping_status":"closed","sticky":false,"template":"","format":"standard","meta":{"_FSMCFIC_featured_image_caption":"","_FSMCFIC_featured_image_nocaption":"","_FSMCFIC_featured_image_hide":""},"categories":[29,128],"tags":[254],"acf":[],"_links":{"self":[{"href":"https:\/\/smago.de\/ws2\/wp-json\/wp\/v2\/posts\/248461"}],"collection":[{"href":"https:\/\/smago.de\/ws2\/wp-json\/wp\/v2\/posts"}],"about":[{"href":"https:\/\/smago.de\/ws2\/wp-json\/wp\/v2\/types\/post"}],"author":[{"embeddable":true,"href":"https:\/\/smago.de\/ws2\/wp-json\/wp\/v2\/users\/2"}],"replies":[{"embeddable":true,"href":"https:\/\/smago.de\/ws2\/wp-json\/wp\/v2\/comments?post=248461"}],"version-history":[{"count":4,"href":"https:\/\/smago.de\/ws2\/wp-json\/wp\/v2\/posts\/248461\/revisions"}],"predecessor-version":[{"id":248466,"href":"https:\/\/smago.de\/ws2\/wp-json\/wp\/v2\/posts\/248461\/revisions\/248466"}],"wp:featuredmedia":[{"embeddable":true,"href":"https:\/\/smago.de\/ws2\/wp-json\/wp\/v2\/media\/248464"}],"wp:attachment":[{"href":"https:\/\/smago.de\/ws2\/wp-json\/wp\/v2\/media?parent=248461"}],"wp:term":[{"taxonomy":"category","embeddable":true,"href":"https:\/\/smago.de\/ws2\/wp-json\/wp\/v2\/categories?post=248461"},{"taxonomy":"post_tag","embeddable":true,"href":"https:\/\/smago.de\/ws2\/wp-json\/wp\/v2\/tags?post=248461"}],"curies":[{"name":"wp","href":"https:\/\/api.w.org\/{rel}","templated":true}]}}