{"id":248440,"date":"2025-10-01T09:30:01","date_gmt":"2025-10-01T07:30:01","guid":{"rendered":"https:\/\/smago.de\/ws2\/?p=248440"},"modified":"2025-10-01T09:32:52","modified_gmt":"2025-10-01T07:32:52","slug":"tim-peters-tim-peters-feiert-cameo-auftritt-bei-gzsz","status":"publish","type":"post","link":"https:\/\/smago.de\/ws2\/pop-schlager\/tim-peters-tim-peters-feiert-cameo-auftritt-bei-gzsz\/","title":{"rendered":"TIM PETERS <br>Tim Peters feiert Cameo-Auftritt bei GZSZ!"},"content":{"rendered":"<p>Der erfolgreiche S\u00e4nger und Produzent stand erstmals f\u00fcr die Kultserie vor der Kamera!<!--more--><\/p>\n<p>&nbsp;<\/p>\n<p>&nbsp;<\/p>\n<p style=\"font-weight: 400; text-align: justify;\">Schlager-Star TIM PETERS ist bei der RTL-Serie \u201eGute Zeiten, schlechte Zeiten\u201c zu sehen! In Folge 8.373 (Ausstrahlung am Mittwoch, 08.10.2025, um 19:40 Uhr bei RTL) \u00fcbernimmt er einen besonderen Cameo-Auftritt \u2013 und spielt dabei niemand Geringeren als sich selbst. An der Seite von GZSZ-Stars wie Gisa Zach (\u201eYvonne\u201c), Lars Pape (\u201eMichi\u201c), Eva Mona Rodekirchen (\u201eMaren\u201c) und Ulrike Frank (\u201eKatrin\u201c) genie\u00dft er beim Public Viewing den musikalischen Erfolg bei \u201eSchlagerliebe live\u201c aus Magdeburg von Yvonne und Michi. F\u00fcr den S\u00e4nger und Produzenten, der bereits mit Schlager-Gr\u00f6\u00dfen wie Helene Fischer oder Roland Kaiser zusammengearbeitet hat, war der Tag am Set ein echtes Highlight.<em> \u201eIch war \u00fcberw\u00e4ltigt von der Gr\u00f6\u00dfe der Produktion und der Herzlichkeit, mit der ich aufgenommen wurde\u201c,<\/em> so Peters. <em>\u201eDer Drehtag hat mir wahnsinnig viel Spa\u00df gemacht \u2013 ich k\u00f6nnte mir gut vorstellen, \u00f6fter in Schauspielrollen zu schl\u00fcpfen.\u201c<\/em><\/p>\n<p>&nbsp;<\/p>\n<p>&nbsp;<\/p>\n<p>&nbsp;<\/p>\n<p style=\"font-weight: 400; text-align: justify;\"><strong>Das Interview mit Tim Peters<\/strong><\/p>\n<p style=\"font-weight: 400; text-align: justify;\"><strong>\u00a0<\/strong><\/p>\n<p>&nbsp;<\/p>\n<p style=\"font-weight: 400; text-align: justify;\"><strong>Wen verk\u00f6rperst du in deiner Gastrolle bei GZSZ?<br \/>\n<\/strong><br \/>\nIch spiele mich selbst \u2013 also den S\u00e4nger und Produzenten Tim Peters.<\/p>\n<p style=\"font-weight: 400; text-align: justify;\"><strong>Wie hast du den Drehtag erlebt?<\/strong><\/p>\n<p>Es hat mir richtig viel Spa\u00df gemacht! Ich war beeindruckt von der ganzen Atmosph\u00e4re am Set und davon, wie herzlich ich aufgenommen wurde. Gleichzeitig habe ich gemerkt, wie viel Arbeit es bedeutet, eine einzige Szene zu drehen \u2013 das h\u00e4tte ich so gar nicht erwartet.<\/p>\n<p style=\"font-weight: 400; text-align: justify;\"><strong>Gab es etwas am Set, das dich besonders beeindruckt oder \u00fcberrascht hat?<\/strong><\/p>\n<p>Ja! Ich fand es faszinierend, wie im Studio quasi eine eigene Welt entsteht \u2013 und wie viele Menschen hinter den Kulissen mitarbeiten. Besonders spannend fand ich, dass tats\u00e4chlich jeden Tag eine komplette Folge produziert wird.<\/p>\n<p style=\"font-weight: 400; text-align: justify;\"><strong>Hast du einen pers\u00f6nlichen Bezug zur Serie?<\/strong><\/p>\n<p>Absolut! Als Kind habe ich jede Folge GZSZ geschaut \u2013 das war bei uns zuhause fast ein Ritual. Umso sch\u00f6ner war es jetzt, selbst einmal Teil davon zu sein.<\/p>\n<p style=\"font-weight: 400; text-align: justify;\"><strong>Wie war es f\u00fcr dich, erstmals Schauspielerfahrung bei GZSZ zu sammeln?<\/strong><\/p>\n<p style=\"font-weight: 400; text-align: justify;\">Als S\u00e4nger bin ich es gewohnt, in die Kamera zu schauen \u2013 beim Schauspiel darf man das nicht. Ich habe einfach versucht, ich selbst zu sein. Die GZSZ-Stars haben es mir sehr leicht gemacht.<\/p>\n<p style=\"font-weight: 400; text-align: justify;\"><strong>K\u00f6nntest du dir vorstellen, k\u00fcnftig \u00f6fter in Schauspielrollen zu schl\u00fcpfen?<\/strong><\/p>\n<p>Definitiv! Ich habe wirklich Blut geleckt und k\u00f6nnte mir vorstellen, in Zukunft auch mal eine gr\u00f6\u00dfere Rolle zu \u00fcbernehmen.<\/p>\n<p style=\"font-weight: 400; text-align: justify;\"><strong>Was bedeutet dir dein Gastauftritt bei GZSZ pers\u00f6nlich und f\u00fcr die Karriere?<\/strong><\/p>\n<p>Es ist ein gro\u00dfer pers\u00f6nlicher Traum \u2013 und ich glaube auch, dass viele meiner Fans GZSZ lieben. Damit war der Auftritt ein Geschenk, nicht nur f\u00fcr mich, sondern auch f\u00fcr sie.<\/p>\n<p style=\"font-weight: 400; text-align: justify;\"><strong>Du bist als Songwriter sehr erfolgreich, trittst aber auch selbst auf \u2013 was macht dir mehr Spa\u00df?<\/strong><\/p>\n<p>Beides hat seinen Reiz. Derzeit liegt mein Fokus aber klar auf meiner Solokarriere. Ende des Jahres gehe ich auf Tour \u2013 die B\u00fchne ist mein gro\u00dfer Traum.<\/p>\n<p style=\"font-weight: 400; text-align: justify;\"><strong>Wie erlebst du die Zusammenarbeit mit Schlagergr\u00f6\u00dfen wie Helene Fischer oder Roland Kaiser?<\/strong><\/p>\n<p>Man merkt, wie hart sie arbeiten und wie viel Leidenschaft hinter ihrem Erfolg steckt. Je erfolgreicher die K\u00fcnstler sind, desto entspannter ist oft die Zusammenarbeit \u2013 das motiviert mich sehr.<\/p>\n<p style=\"font-weight: 400; text-align: justify;\"><strong>Wie war die Zusammenarbeit mit den GZSZ-Stars?<\/strong><\/p>\n<p>Vor allem mit Gisa und Lars hatte ich schon vorher Kontakt bei dem Open-Air-Festival \u201eSchlagerliebe live\u201c in Magdeburg. Am Set war es genauso herzlich, die gesamte Crew war gro\u00dfartig. Ich habe alle zu meinem Konzert in Berlin eingeladen \u2013 ich freue mich, wenn wir uns da wiedersehen.<\/p>\n<p style=\"font-weight: 400; text-align: justify;\"><strong>\u00a0<\/strong><\/p>\n<p style=\"font-weight: 400; text-align: justify;\"><strong>GZSZ-Folge 8.373 am Mittwoch, 08.10.2025 um 19:40 Uhr bei RTL<\/strong><\/p>\n<p>&nbsp;<\/p>\n<p style=\"font-weight: 400; text-align: justify;\">Yvonne und Michi wollen ihren Auftritt bei der \u201eSchlagerliebe live\u201c gemeinsam mit ihren Freunden beim Public Viewing schauen. Die beiden genie\u00dfen ihre heimliche Liebe und ihren \u00f6ffentlichen Erfolg \u2013 bis die Bombe platzt&#8230;<\/p>\n<p style=\"font-weight: 400; text-align: justify;\"><strong>\u00a0<\/strong><\/p>\n<p style=\"font-weight: 400; text-align: justify;\"><strong>GZSZ-Folge 8.374 am Donnerstag, 09.10.2025 um 19:40 Uhr bei RTL<\/strong><\/p>\n<p>&nbsp;<\/p>\n<p style=\"font-weight: 400; text-align: justify;\">Nachdem Michis und Yvonnes geheime Beziehung vor Moritz und ihren Freunden aufgeflogen ist, wei\u00df Yvonne, dass sie mit Gerner reden muss, bevor der es aus den Medien erf\u00e4hrt. Zum Gl\u00fcck ist Gerner kein Schlagerfan, was Yvonne hoffen l\u00e4sst, noch rechtzeitig zu kommen&#8230;<\/p>\n<p style=\"font-weight: 400; text-align: justify;\"><strong>\u00a0<\/strong><\/p>\n<p style=\"font-weight: 400; text-align: justify;\"><strong>GZSZ-Folge 8.375 am Freitag, 10.10.2025 um 19:40 Uhr bei RTL<\/strong><\/p>\n<p>&nbsp;<\/p>\n<p style=\"font-weight: 400; text-align: justify;\">Gerner l\u00e4sst Yvonne keine Chance, sich wegen des Kusses mit Michi zu erkl\u00e4ren. Yvonne ist voll des schlechten Gewissens \u2013 doch sie wird nicht nur von Michi, sondern unerwartet sogar von Katrin aufgefangen. W\u00e4hrenddessen d\u00e4mmert es Gerner allm\u00e4hlich, dass er Yvonne endg\u00fcltig verloren hat&#8230;<\/p>\n<p style=\"font-weight: 400; text-align: justify;\"><strong>\u00a0<\/strong><\/p>\n<p>&nbsp;<\/p>\n<p>&nbsp;<\/p>\n<p style=\"font-weight: 400; text-align: justify;\"><strong>\u201eGute Zeiten, schlechte Zeiten\u201c ist als Deutschlands erste und seitdem erfolgreichste t\u00e4gliche Serie am 11.5.1992 gestartet, wird produziert von UFA Serial Drama und wird im Jahr 2025 knackige 33 Jahre jung. Der RTL-Klassiker, der Schauspieler:innen wie Wolfgang Bahro und Ulrike Frank zu TV-Legenden sowie unz\u00e4hlige Cast-Mitglieder zu absoluten TV-Lieblingen macht, l\u00e4uft montags bis freitags um 19:40 Uhr bei RTL und jederzeit eine Woche vorab auf <a href=\"https:\/\/plus.rtl.de\/video-tv\/serien\/gute-zeiten-schlechte-zeiten-6908\">RTL+<\/a>. GZSZ, der Kult am Vorabend, wird in UHD produziert und auf RTL UHD ausgestrahlt. Alle Infos gibt es auch hier: <a href=\"https:\/\/www.rtl.de\/cms\/specials\/rtl-hd\/sendungen-in-uhd.html\">rtl-uhd.de<\/a>. Mehr zu GZSZ <a href=\"https:\/\/www.rtl.de\/sendungen\/gzsz\/\">auch bei RTL NEWS<\/a>.<\/strong><\/p>\n<p style=\"font-weight: 400; text-align: justify;\">\n<p>&nbsp;<\/p>\n<figure id=\"attachment_248444\" aria-describedby=\"caption-attachment-248444\" style=\"width: 800px\" class=\"wp-caption alignnone\"><img decoding=\"async\" loading=\"lazy\" class=\"size-large wp-image-248444\" src=\"https:\/\/smago.de\/ws2\/wp-content\/uploads\/2025\/10\/9F9BA-800x450.jpg\" alt=\"\" width=\"800\" height=\"450\" srcset=\"https:\/\/smago.de\/ws2\/wp-content\/uploads\/2025\/10\/9F9BA-800x450.jpg 800w, https:\/\/smago.de\/ws2\/wp-content\/uploads\/2025\/10\/9F9BA-522x294.jpg 522w, https:\/\/smago.de\/ws2\/wp-content\/uploads\/2025\/10\/9F9BA-267x150.jpg 267w, https:\/\/smago.de\/ws2\/wp-content\/uploads\/2025\/10\/9F9BA-768x432.jpg 768w, https:\/\/smago.de\/ws2\/wp-content\/uploads\/2025\/10\/9F9BA-1536x864.jpg 1536w, https:\/\/smago.de\/ws2\/wp-content\/uploads\/2025\/10\/9F9BA-392x221.jpg 392w, https:\/\/smago.de\/ws2\/wp-content\/uploads\/2025\/10\/9F9BA-130x73.jpg 130w, https:\/\/smago.de\/ws2\/wp-content\/uploads\/2025\/10\/9F9BA-791x445.jpg 791w, https:\/\/smago.de\/ws2\/wp-content\/uploads\/2025\/10\/9F9BA-870x489.jpg 870w, https:\/\/smago.de\/ws2\/wp-content\/uploads\/2025\/10\/9F9BA-292x164.jpg 292w, https:\/\/smago.de\/ws2\/wp-content\/uploads\/2025\/10\/9F9BA-435x245.jpg 435w, https:\/\/smago.de\/ws2\/wp-content\/uploads\/2025\/10\/9F9BA-895x503.jpg 895w, https:\/\/smago.de\/ws2\/wp-content\/uploads\/2025\/10\/9F9BA.jpg 1920w\" sizes=\"(max-width: 800px) 100vw, 800px\" \/><figcaption id=\"caption-attachment-248444\" class=\"wp-caption-text\"><em>GZSZ-Folge 8.373: Yvonne (Gisa Zach, M.) und Michael &#8222;Michi&#8220; (Lars Pape, l.) genie\u00dfen &#8211; umringt von Tim Peters,<\/em><br \/><em>Maren (Eva Mona Rodekirchen) und Katrin (Ulrike Frank, r.) \u2013 ihren Erfolg und lassen sich feiern.<\/em><\/p>\n<p><em>\u00a9 RTL Rolf Baumgartner<\/em><\/p>\n<p><em>Bitte beachten Sie auch <strong><a href=\"http:\/\/www.rtlplus.de\">RTL+<\/a><\/strong>!<\/em><\/figcaption><\/figure>\n","protected":false},"excerpt":{"rendered":"<p>Der erfolgreiche S\u00e4nger und Produzent stand erstmals f\u00fcr die Kultserie vor der Kamera!<\/p>\n","protected":false},"author":2,"featured_media":248444,"comment_status":"open","ping_status":"closed","sticky":false,"template":"","format":"standard","meta":{"_FSMCFIC_featured_image_caption":"","_FSMCFIC_featured_image_nocaption":"","_FSMCFIC_featured_image_hide":""},"categories":[28,39],"tags":[991],"acf":[],"_links":{"self":[{"href":"https:\/\/smago.de\/ws2\/wp-json\/wp\/v2\/posts\/248440"}],"collection":[{"href":"https:\/\/smago.de\/ws2\/wp-json\/wp\/v2\/posts"}],"about":[{"href":"https:\/\/smago.de\/ws2\/wp-json\/wp\/v2\/types\/post"}],"author":[{"embeddable":true,"href":"https:\/\/smago.de\/ws2\/wp-json\/wp\/v2\/users\/2"}],"replies":[{"embeddable":true,"href":"https:\/\/smago.de\/ws2\/wp-json\/wp\/v2\/comments?post=248440"}],"version-history":[{"count":3,"href":"https:\/\/smago.de\/ws2\/wp-json\/wp\/v2\/posts\/248440\/revisions"}],"predecessor-version":[{"id":248445,"href":"https:\/\/smago.de\/ws2\/wp-json\/wp\/v2\/posts\/248440\/revisions\/248445"}],"wp:featuredmedia":[{"embeddable":true,"href":"https:\/\/smago.de\/ws2\/wp-json\/wp\/v2\/media\/248444"}],"wp:attachment":[{"href":"https:\/\/smago.de\/ws2\/wp-json\/wp\/v2\/media?parent=248440"}],"wp:term":[{"taxonomy":"category","embeddable":true,"href":"https:\/\/smago.de\/ws2\/wp-json\/wp\/v2\/categories?post=248440"},{"taxonomy":"post_tag","embeddable":true,"href":"https:\/\/smago.de\/ws2\/wp-json\/wp\/v2\/tags?post=248440"}],"curies":[{"name":"wp","href":"https:\/\/api.w.org\/{rel}","templated":true}]}}