{"id":248265,"date":"2025-09-27T00:00:26","date_gmt":"2025-09-26T22:00:26","guid":{"rendered":"https:\/\/smago.de\/ws2\/?p=248265"},"modified":"2025-09-27T23:44:35","modified_gmt":"2025-09-27T21:44:35","slug":"dj-oetzi-beatrice-egli-ella-endlich-andreas-gabalier-johnny-logan-pietro-lombardi-simone-anna-carina-woitschack-u-a-heute-27-09-2025-mdr-fernsehen-starnacht-aus-der-wachau-wh-v-20-0","status":"publish","type":"post","link":"https:\/\/smago.de\/ws2\/party-schlager\/dj-oetzi-beatrice-egli-ella-endlich-andreas-gabalier-johnny-logan-pietro-lombardi-simone-anna-carina-woitschack-u-a-heute-27-09-2025-mdr-fernsehen-starnacht-aus-der-wachau-wh-v-20-0\/","title":{"rendered":"DJ \u00d6TZI, BEATRICE EGLI, ELLA ENDLICH, ANDREAS GABALIER, JOHNNY LOGAN, PIETRO LOMBARDI, SIMONE, ANNA-CARINA WOITSCHACK u.a. <br>Heute (27.09.2025), MDR Fernsehen: &#8222;STARnacht aus der Wachau&#8220; (Wh. v. 20.09.2025, ORF 2!)!"},"content":{"rendered":"<p style=\"text-align: justify;\">20:15 Uhr &#8211; 22:38 Uhr (im Anschluss: &#8222;MDR aktuell&#8220; bis 22:40 Uhr)! Moderation: Barbara Sch\u00f6neberger und Hans Sigl!<br \/>\n<!--more--><\/p>\n<p>&nbsp;<\/p>\n<p class=\"entry-title\" style=\"text-align: justify;\">Der kleine Ort Rossatzbach wird erneut zum musikalischen Hotspot in \u00d6sterreich, denn in der Wachau erlebt der Sommer zu Herbstbeginn noch einmal ein richtiges Comeback.<\/p>\n<p style=\"text-align: justify;\">Barbara Sch\u00f6neberger und Hans Sigl hei\u00dfen nationale und internationale K\u00fcnstler auf der Starnacht-B\u00fchne willkommen, die in neuem Glanz erscheint.<\/p>\n<p style=\"text-align: justify;\">Mit dabei sind unter anderem die Schlager-Queen Beatrice Egli, der Volks-Rock\u2019n\u2019Roller Andreas Gabalier, der dreifache ESC-Gewinner Johnny Logan, Josh., Kaleen, Alexander Eder, Simone und zum ersten Mal bei der Starnacht die S\u00f6hne Mannheims, Leslie Clio &amp; Pietro Lombardi.<\/p>\n<p>&nbsp;<\/p>\n<p>&nbsp;<\/p>\n<p>***<\/p>\n<p>&nbsp;<\/p>\n<p style=\"text-align: justify;\">Bei traumhaftem Kaiserwetter wurde gestern Abend der kleine Ort Rossatzbach in der Wachau zur B\u00fchne f\u00fcr ein musikalisches Feuerwerk. Das Moderations-Dream-Team <strong>Barbara Sch\u00f6neberger<\/strong> und <strong>Hans Sigl<\/strong> holte die Stars der \u201eSTARnacht aus der Wachau\u201c vor den Vorhang:\u00a0<strong>Johnny Logan, Beatrice Egli, Andreas Gabalier, Leslie Clio, DJ \u00d6tzi, S\u00f6hne Mannheims, Pietro Lombardi, Josh., Chris Steger, Simone, Ella Endlich,\u00a0Anna-Carina Woitschack, Kaleen <\/strong>und<strong>\u00a0Alexander Eder. <\/strong>Mehr als 8.000 Besucherinnen und Besucher, zahlreiche Vip\u00b4s aus Wirtschaft &amp; Politik mit Landeshauptfrau <strong>Johanna Mikl-Leitner<\/strong> an der Spitze str\u00f6mten am STARnacht-Wochenende an das Donauufer gegen\u00fcber der imposanten Burg D\u00fcrnstein.<\/p>\n<p style=\"text-align: justify;\">Vor Beginn der Show erlebten <strong>Simone<\/strong> &amp; <strong>Olaf<\/strong> aus Deutschland einen besonderen STARnacht-Moment. Die beiden sind seit 10 Jahren bei fast allen STARn\u00e4chten am W\u00f6rthersee, am Neusiedler See und in der Wachau mit dabei. Landeshauptfrau <strong>Johanna Mikl-Leitner<\/strong> \u00fcberreichte ihnen eine \u201eSTARnachtstern-Troph\u00e4e\u201c, die nur bei ganz besonderen Anl\u00e4ssen verliehen wird. Die beiden waren ganz ger\u00fchrt und haben sich gleich nach der Verleihung f\u00fcr alle STARn\u00e4chte 2026 ihre Tickets gesichert.<\/p>\n<p style=\"text-align: justify;\"><strong>Eine <\/strong>Troph\u00e4e gab es f\u00fcr <strong>Andreas Gabalier<\/strong> diesmal keine, jedoch ein Award f\u00fcr die meisten Selfies des Wochenendes ist ihm sicher. Der Volks-Rock\u2019n\u2019Roller liebt die Wachau und seine Fans hier und nat\u00fcrlich die kulinarischen Versuchungen, die das malerische Weltkulturerbe zu bieten hat. So auch <strong>Barbara Sch\u00f6neberger<\/strong> und <strong>Hans Sigl<\/strong>, die w\u00e4hrend ihrer Zeit in der Wachau immer wieder gerne bei <strong>Bernd Pulkers<\/strong> legend\u00e4ren Heurigen vorbeischauten.<\/p>\n<p style=\"text-align: justify;\"><strong>Leslie Clio<\/strong> war so begeistert von der einmalig sch\u00f6nen Landschaft, dass sie ihre Laufschuhe auspackte und ein paar Runden durch die Weing\u00e4rten drehte. Auch <strong>DJ \u00d6tzi<\/strong> genoss seine Zeit in der Wachau, vor allem, weil ihn seine Tochter <strong>Lisa-Marie<\/strong> begleitete. Diese war flei\u00dfig am Filmen und Posten, um die SocialMedia-Gemeinde am Laufenden zu halten.<\/p>\n<p style=\"text-align: justify;\">Irlands Superstar <strong>Johnny Logan<\/strong> reiste in die Wachau direkt aus Spanien an und verbreitete das Ger\u00fccht, dass er f\u00fcr das traumhafte Wetter verantwortlich ist, da er die Sonne des S\u00fcdens eingepackt hatte. Mit im Gep\u00e4ck hatte er seine gro\u00dfe Liebe, die bei allen Terminen mit dabei war. Seine kleine Havaneser-Lady <strong>Molly<\/strong> war auch Backstage der absolute Superstar.<\/p>\n<p style=\"text-align: justify;\">Nach der Sendung wechselten die G\u00e4ste zur Aftershow-Party, wo <strong>The Bad Powells<\/strong> die G\u00e4ste mit Soul- &amp; Discosound empfing. Das kulinarische Highlight lieferte der umtriebige Szenewirt <strong>Bernd Pulker<\/strong>, der mit seinem legend\u00e4ren Schweinsbratl die geladenen VIP\u00b4s verf\u00fchrte sowie <strong>Ofyr<\/strong>, der mit einer Grillstation der Publikumsmagnet der Party war.<\/p>\n<p style=\"text-align: justify;\"><strong>J\u00fcrgen Steinbrecher<\/strong> von Casa del Vino k\u00fcmmerte sich um das leibliche Wohl der Stars der STARnacht im Backstage-Bereich. Mit dabei waren auch Sch\u00fclerinnen und Sch\u00fcler der Tourismusschule HLF Krems, die f\u00fcr das Service in allen Gastro-Bereichen zust\u00e4ndig waren.<\/p>\n<p style=\"text-align: justify;\">Am STARnacht-Wochenende waren u. a. mit dabei: Landeshauptfrau <strong>Johanna Mikl-Leitner<\/strong>, ORF-Generaldirektor\u00a0<strong>Roland Wei\u00dfmann<\/strong>,\u00a0<strong>Harald Kr\u00e4uter<\/strong>, Technischer Direktor des ORF, der Unterhaltungschef des ORF <strong>Martin Gastinger<\/strong>, Sendungsverantwortlicher\u00a0<strong>Florian Illich<\/strong>, ORF N\u00d6 Landesdirektor <strong>Alexander Hofer<\/strong>, ORF K\u00e4rnten-Programmchef <strong>Martin Weberhofer<\/strong>, MDR Programmchef <strong>Peter Dreckmann<\/strong>, GF der Nieder\u00f6sterreich Werbung <strong>Michael Duscher<\/strong>, Donau N\u00d6 Tourismus-Gesch\u00e4ftsf\u00fchrer\u00a0<strong>Bernhard Schr\u00f6der<\/strong>, <strong>Mario Pulker<\/strong>\u00a0von der WKO, ISS-Gesch\u00e4ftsf\u00fchrer\u00a0<strong>Erich Steinreiber<\/strong>, der Gesch\u00e4ftsf\u00fchrer von Ursin Haus <strong>Wolfgang Schwarz<\/strong>, <strong>Gottfried Kocher<\/strong>\u00a0von Platzhirsch,\u00a0<strong>Wolfgang Fischer<\/strong> von der DDSG, <strong>Wolfgang Tammegger<\/strong>\u00a0von Coca Cola,\u00a0 <strong>Michael Ringsmuth<\/strong> von Zw\u00f6lferreisen, <strong>Willy K\u00f6gel<\/strong>\u00a0von BMW Zitta, <strong>Christian Lexer<\/strong> von Bev.cfom, <strong>Marcus Kraft <\/strong>von Spieth &amp; Wensky, <strong>Rainer Kuhnle<\/strong> von der Volksbank Nieder\u00f6sterreich, <strong>Marcel Wondraczek<\/strong> von der Eventm\u00fchle, <strong>Manfred Mladosevits <\/strong>von Transgourmet, <strong>Simon Kerschner<\/strong> von Red Bull,\u00a0<strong>Anton Haubenberger sen.<\/strong>\u00a0von Haubis, <strong>Bernhard Webinger<\/strong>\u00a0von Nestl\u00e9-Sch\u00f6ller, <strong>Christian Wernig<\/strong> von der Sicherheitsfirma Leon Service &amp; Security, <strong>Sigi Wurm <\/strong>von OFYR-Grill, Winzer<strong> Heinz Sigl, Martyna Szyszka<\/strong> von Tui, <strong>Wolfgang <\/strong>und<strong> Bernadette\u00a0Supperer<\/strong> vom gleichnamigen Winzerhof. Ebenso mit dabei das Team vom Kremser Nobelhotel Steigenberger, das heuer zum ersten Mal den traditionellen STARtalk beherbergte.<\/p>\n<p style=\"text-align: justify;\"><strong>\u00a0<\/strong>Show &amp; Genuss wurde auch im Vorfeld der STARnacht-Arena den Fans geboten. Kulinarisch konnte man sich in der Gourmet-Meile verw\u00f6hnen lassen. Erlesene Wachauer Wein-Spezialit\u00e4ten und feine kulinarische Schmankerln wurden angeboten. Auch f\u00fcr den Unterhaltungsfaktor war gesorgt: Auf der \u201eVolksbank Radio Nieder\u00f6sterreich\u201c-B\u00fchne veranstaltete Trachten-Lady <strong>Elfi Maisetschl\u00e4ger<\/strong> eine z\u00fcnftige Modenschau.<\/p>\n","protected":false},"excerpt":{"rendered":"<p>20:15 Uhr &#8211; 22:38 Uhr (im Anschluss: &#8222;MDR aktuell&#8220; bis 22:40 Uhr)! Moderation: Barbara Sch\u00f6neberger und Hans Sigl!<\/p>\n","protected":false},"author":2,"featured_media":248305,"comment_status":"open","ping_status":"closed","sticky":false,"template":"","format":"standard","meta":{"_FSMCFIC_featured_image_caption":"","_FSMCFIC_featured_image_nocaption":"","_FSMCFIC_featured_image_hide":""},"categories":[37,26,27,28,29,128],"tags":[3705],"acf":[],"_links":{"self":[{"href":"https:\/\/smago.de\/ws2\/wp-json\/wp\/v2\/posts\/248265"}],"collection":[{"href":"https:\/\/smago.de\/ws2\/wp-json\/wp\/v2\/posts"}],"about":[{"href":"https:\/\/smago.de\/ws2\/wp-json\/wp\/v2\/types\/post"}],"author":[{"embeddable":true,"href":"https:\/\/smago.de\/ws2\/wp-json\/wp\/v2\/users\/2"}],"replies":[{"embeddable":true,"href":"https:\/\/smago.de\/ws2\/wp-json\/wp\/v2\/comments?post=248265"}],"version-history":[{"count":4,"href":"https:\/\/smago.de\/ws2\/wp-json\/wp\/v2\/posts\/248265\/revisions"}],"predecessor-version":[{"id":248306,"href":"https:\/\/smago.de\/ws2\/wp-json\/wp\/v2\/posts\/248265\/revisions\/248306"}],"wp:featuredmedia":[{"embeddable":true,"href":"https:\/\/smago.de\/ws2\/wp-json\/wp\/v2\/media\/248305"}],"wp:attachment":[{"href":"https:\/\/smago.de\/ws2\/wp-json\/wp\/v2\/media?parent=248265"}],"wp:term":[{"taxonomy":"category","embeddable":true,"href":"https:\/\/smago.de\/ws2\/wp-json\/wp\/v2\/categories?post=248265"},{"taxonomy":"post_tag","embeddable":true,"href":"https:\/\/smago.de\/ws2\/wp-json\/wp\/v2\/tags?post=248265"}],"curies":[{"name":"wp","href":"https:\/\/api.w.org\/{rel}","templated":true}]}}