{"id":248205,"date":"2025-09-25T23:59:05","date_gmt":"2025-09-25T21:59:05","guid":{"rendered":"https:\/\/smago.de\/ws2\/?p=248205"},"modified":"2025-09-25T23:58:11","modified_gmt":"2025-09-25T21:58:11","slug":"max-mutzke-fr-26-09-2025-in-der-sendung-frank-am-freitag-2-6-zu-gast","status":"publish","type":"post","link":"https:\/\/smago.de\/ws2\/pop\/max-mutzke-fr-26-09-2025-in-der-sendung-frank-am-freitag-2-6-zu-gast\/","title":{"rendered":"MAX MUTZKE <br>Fr. (26.09.2025) in der Sendung &#8222;Frank am Freitag&#8220; (2\/6) zu Gast!"},"content":{"rendered":"<p>22:05 Uhr &#8211; 22:50 Uhr! Moderation: Martin Frank!<br \/>\n<!--more--><\/p>\n<p>&nbsp;<\/p>\n<p>&nbsp;<\/p>\n<p>&nbsp;<\/p>\n<p class=\"copytext\" style=\"text-align: justify;\">In dieser Ausgabe von &#8222;Frank am Freitag&#8220; nimmt Kabarettist Martin Frank die Zuschauer mit auf eine Reise in den Schwarzwald &#8211; gemeinsam mit seinem Gast MAX MUTZKE. Martin Frank schl\u00fcpft in die Rolle seines pers\u00f6nlichen Assistenten und begleitet den S\u00e4nger auf den malerischen Feldberg.<\/p>\n<p style=\"text-align: justify;\">Martin Frank wird au\u00dferdem zum Rettungsanker eines verzweifelten Floristen. Gemeinsam gilt es, in Windeseile eine Hochzeit zu schm\u00fccken und einen Brautstrau\u00df zusammenzustellen.<\/p>\n<p style=\"text-align: justify;\">Im Studio dreht sich alles um Heimat und Familie: Martin Frank spricht mit Max Mutzke \u00fcber dessen Wurzeln im Schwarzwald, famili\u00e4ren Zusammenhalt und die Bedeutung von Tradition und bringt das Lied &#8222;O sole mio&#8220; in einer noch nie da gewesenen Art und Weise zu Geh\u00f6r.<\/p>\n","protected":false},"excerpt":{"rendered":"<p>22:05 Uhr &#8211; 22:50 Uhr! Moderation: Martin Frank!<\/p>\n","protected":false},"author":2,"featured_media":248209,"comment_status":"open","ping_status":"closed","sticky":false,"template":"","format":"standard","meta":{"_FSMCFIC_featured_image_caption":"","_FSMCFIC_featured_image_nocaption":"","_FSMCFIC_featured_image_hide":""},"categories":[27,128],"tags":[1862],"acf":[],"_links":{"self":[{"href":"https:\/\/smago.de\/ws2\/wp-json\/wp\/v2\/posts\/248205"}],"collection":[{"href":"https:\/\/smago.de\/ws2\/wp-json\/wp\/v2\/posts"}],"about":[{"href":"https:\/\/smago.de\/ws2\/wp-json\/wp\/v2\/types\/post"}],"author":[{"embeddable":true,"href":"https:\/\/smago.de\/ws2\/wp-json\/wp\/v2\/users\/2"}],"replies":[{"embeddable":true,"href":"https:\/\/smago.de\/ws2\/wp-json\/wp\/v2\/comments?post=248205"}],"version-history":[{"count":4,"href":"https:\/\/smago.de\/ws2\/wp-json\/wp\/v2\/posts\/248205\/revisions"}],"predecessor-version":[{"id":248211,"href":"https:\/\/smago.de\/ws2\/wp-json\/wp\/v2\/posts\/248205\/revisions\/248211"}],"wp:featuredmedia":[{"embeddable":true,"href":"https:\/\/smago.de\/ws2\/wp-json\/wp\/v2\/media\/248209"}],"wp:attachment":[{"href":"https:\/\/smago.de\/ws2\/wp-json\/wp\/v2\/media?parent=248205"}],"wp:term":[{"taxonomy":"category","embeddable":true,"href":"https:\/\/smago.de\/ws2\/wp-json\/wp\/v2\/categories?post=248205"},{"taxonomy":"post_tag","embeddable":true,"href":"https:\/\/smago.de\/ws2\/wp-json\/wp\/v2\/tags?post=248205"}],"curies":[{"name":"wp","href":"https:\/\/api.w.org\/{rel}","templated":true}]}}