{"id":248154,"date":"2025-09-25T00:00:54","date_gmt":"2025-09-24T22:00:54","guid":{"rendered":"https:\/\/smago.de\/ws2\/?p=248154"},"modified":"2025-09-25T12:05:32","modified_gmt":"2025-09-25T10:05:32","slug":"francine-jordi-mit-alles-wird-gut-hat-sie-es-auf-platz-1-der-oesterreich-schlagerparade-geschafft","status":"publish","type":"post","link":"https:\/\/smago.de\/ws2\/pop-schlager\/francine-jordi-mit-alles-wird-gut-hat-sie-es-auf-platz-1-der-oesterreich-schlagerparade-geschafft\/","title":{"rendered":"FRANCINE JORDI <br>Mit &#8222;Alles wird gut&#8220; hat sie es auf Platz 1 der &#8222;\u00d6sterreich Schlagerparade&#8220; geschafft!"},"content":{"rendered":"<p>Die &#8222;\u00d6sterreich Schlagerparade&#8220; entspricht quasi den Airplay Charts &#8222;Deutschland Konservativ Pop&#8220;!<br \/>\n<!--more--><\/p>\n<p>&nbsp;<\/p>\n<p>&nbsp;<\/p>\n<p style=\"text-align: justify;\">\n<p style=\"text-align: justify;\">Die Schweizerin FRANCINE JORDI hat es \u2013 noch dazu in Windeseile \u2013 auf Platz 1 der &#8222;\u00d6sterreich Schlagerparade&#8220; geschafft. Mit ihrem Titel &#8222;Alles wird gut&#8220; konnte sie sich &#8222;in Rekordzeit von nur drei Wochen&#8220; an die Spitze setzen, wie ihr Textdichter Tobias Reitz freudig verk\u00fcndet.<\/p>\n<p style=\"text-align: justify;\">&#8222;Ich freu mich riesig mit dir&#8220;, schreibt er weiter. &#8222;Du hattest einfach eine tolle Idee, und ich durfte sie mit dir zusammen in Worte fassen. Danke f\u00fcr Dein Vertrauen und unsere sch\u00f6ne, inzwischen sogar vollj\u00e4hrige Zusammenarbeit (unseren ersten gemeinsamen Song hatten wir 2007)!&#8220;.<\/p>\n<p style=\"text-align: justify;\">Nur ganz am Rande sei erw\u00e4hnt, dass Tobias Reitz sich auch sehr \u00fcber die <strong><a href=\"https:\/\/smago.de\/ws2\/pop-schlager\/francine-jordi-ihre-neue-single-alles-wird-gut-ist-eine-hymne-an-hoffnung-und-mut\/\">&#8222;Lobeshymne&#8220;<\/a><\/strong> von <strong><a href=\"http:\/\/www.smago.de\">www.smago.de<\/a><\/strong> gefreut hat, den Titel &#8222;Alles wird gut&#8220; betreffend &#8230;<\/p>\n","protected":false},"excerpt":{"rendered":"<p>Die &#8222;\u00d6sterreich Schlagerparade&#8220; entspricht quasi den Airplay Charts &#8222;Deutschland Konservativ Pop&#8220;!<\/p>\n","protected":false},"author":2,"featured_media":248010,"comment_status":"open","ping_status":"closed","sticky":false,"template":"","format":"standard","meta":{"_FSMCFIC_featured_image_caption":"","_FSMCFIC_featured_image_nocaption":"","_FSMCFIC_featured_image_hide":""},"categories":[28],"tags":[202],"acf":[],"_links":{"self":[{"href":"https:\/\/smago.de\/ws2\/wp-json\/wp\/v2\/posts\/248154"}],"collection":[{"href":"https:\/\/smago.de\/ws2\/wp-json\/wp\/v2\/posts"}],"about":[{"href":"https:\/\/smago.de\/ws2\/wp-json\/wp\/v2\/types\/post"}],"author":[{"embeddable":true,"href":"https:\/\/smago.de\/ws2\/wp-json\/wp\/v2\/users\/2"}],"replies":[{"embeddable":true,"href":"https:\/\/smago.de\/ws2\/wp-json\/wp\/v2\/comments?post=248154"}],"version-history":[{"count":2,"href":"https:\/\/smago.de\/ws2\/wp-json\/wp\/v2\/posts\/248154\/revisions"}],"predecessor-version":[{"id":248156,"href":"https:\/\/smago.de\/ws2\/wp-json\/wp\/v2\/posts\/248154\/revisions\/248156"}],"wp:featuredmedia":[{"embeddable":true,"href":"https:\/\/smago.de\/ws2\/wp-json\/wp\/v2\/media\/248010"}],"wp:attachment":[{"href":"https:\/\/smago.de\/ws2\/wp-json\/wp\/v2\/media?parent=248154"}],"wp:term":[{"taxonomy":"category","embeddable":true,"href":"https:\/\/smago.de\/ws2\/wp-json\/wp\/v2\/categories?post=248154"},{"taxonomy":"post_tag","embeddable":true,"href":"https:\/\/smago.de\/ws2\/wp-json\/wp\/v2\/tags?post=248154"}],"curies":[{"name":"wp","href":"https:\/\/api.w.org\/{rel}","templated":true}]}}