{"id":248147,"date":"2025-09-24T16:58:39","date_gmt":"2025-09-24T14:58:39","guid":{"rendered":"https:\/\/smago.de\/ws2\/?p=248147"},"modified":"2025-09-24T16:59:17","modified_gmt":"2025-09-24T14:59:17","slug":"james-last-james-last-erbengemeinschaft-spendet-kuenstlerischen-nachlass-an-universitaet-freiburg","status":"publish","type":"post","link":"https:\/\/smago.de\/ws2\/instrumental\/james-last-james-last-erbengemeinschaft-spendet-kuenstlerischen-nachlass-an-universitaet-freiburg\/","title":{"rendered":"JAMES LAST <br>James Last: Erbengemeinschaft spendet k\u00fcnstlerischen Nachlass an Universit\u00e4t Freiburg!"},"content":{"rendered":"<p style=\"text-align: justify;\">Der feierliche Festakt findet im Rahmen einer interdisziplin\u00e4ren Tagung zu Tanz- und Unterhaltungsorchester im deutschsprachigen Raum statt, die das ZPKM am 25. und 26. September 2025 veranstaltet!<!--more--><\/p>\n<p>&nbsp;<\/p>\n<p>&nbsp;<\/p>\n<p>&nbsp;<\/p>\n<p style=\"text-align: justify;\">Die Sammlung zu JAMES LAST wird am 25. September 2025 an das Zentrum f\u00fcr Popul\u00e4re Kultur und Musik (ZPKM) der Universit\u00e4t Freiburg \u00fcbergeben. Der feierliche Festakt findet im Rahmen einer interdisziplin\u00e4ren Tagung zu Tanz- und Unterhaltungsorchester im deutschsprachigen Raum statt, die das ZPKM am 25. und 26. September 2025 veranstaltet.<\/p>\n<p style=\"text-align: justify;\">Die Erbengemeinschaft des deutschen Bandleaders, Komponisten und Arrangeurs <strong>James Last <\/strong>\u00fcbergibt dessen k\u00fcnstlerisches Erbe am Donnerstag, den 25. September, um 18:15 Uhr an die Universit\u00e4t Freiburg. Die Prorektorin f\u00fcr Universit\u00e4tskultur, Prof. Dr. <strong>Sylvia Paletschek<\/strong>, und die Kanzlerin der Universit\u00e4t, <strong>Christina Leib<\/strong>, nehmen den Nachlass entgegen. Der feierliche Akt ist in die Tagung \u201eNon Stop Dancing zu Melodien f\u00fcr Millionen \u2013 Tanz- und Unterhaltungsorchester in Deutschland von der Nachkriegszeit bis heute\u201c eingebettet, die das Zentrum f\u00fcr Popul\u00e4re Kultur und Musik (ZPKM) am 25. und 26. September 2025 veranstaltet. Journalist*innen haben die Gelegenheit zum Gespr\u00e4ch mit der Erbengemeinschaft von James Last und mit Verantwortlichen des ZPKM.<\/p>\n<p style=\"text-align: justify;\">Den k\u00fcnstlerischen Nachlass von <strong>James Last <\/strong>in die Sammlung aufzunehmen, nennt Prof. Dr. Dr. <strong>Michael Fischer, <\/strong>Gesch\u00e4ftsf\u00fchrender Direktor am ZPKM, einen Gl\u00fccksfall: \u201eDamit erh\u00e4lt die Wissenschaft Zugang zu Quellen eines der zentralen Protagonisten der Unterhaltungsmusik in der Bundesrepublik Deutschland und Mitteleuropas.\u201c Der Nachlass biete zahlreiche Ankn\u00fcpfungspunkte f\u00fcr die Forschung in den Bereichen Musikproduktion und -rezeption und werde auch in der akademischen Lehre mit den Studierenden der Universit\u00e4t und der Hochschule f\u00fcr Musik eine Rolle spielen, sagt Fischer. \u201eGleichzeitig spiegelt der Nachlass die Musikgeschichte Westdeutschlands sowie die Gesellschaft und die Medienkultur der Zeit wider. Das ZPKM ist stolz darauf, eine weitere herausragende Sammlung in ihren R\u00e4umen archivieren und als Kulturerbe bewahren zu d\u00fcrfen.\u201c Diese umfasst ein Volumen von rund 50 Versandkartons und beinhaltet unter anderem handschriftliche Partituren, Orchesterstimmen, Audiomedien, Printmaterialien, Fanpost und Merchandise-Artikel ebenso wie Lebensdokumente und zum Teil auch Gesch\u00e4ftsunterlagen.<\/p>\n<p>&nbsp;<\/p>\n<p>&nbsp;<\/p>\n<p>&nbsp;<\/p>\n<h2 class=\"wp-block-heading\" style=\"text-align: justify;\"><strong>\u00dcber die Tagung<\/strong><\/h2>\n<p>&nbsp;<\/p>\n<p style=\"text-align: justify;\">Von Live-Auff\u00fchrungen \u00fcber Studioeinspielungen bis hin zu Radio-Jingles, zur Fernsehmusik oder Hintergrundbeschallung: Die Musik von Tanz- und Unterhaltungsorchester, wie unter anderem James Last sie geleitet hat, pr\u00e4gt die deutschsprachige Radio- und Fernsehlandschaft bis heute auf vielf\u00e4ltige Weise. Einblicke in das Wirken dieser Ensembles gibt die interdisziplin\u00e4rer Tagung \u201eNon Stop Dancing zu Melodien f\u00fcr Millionen \u2013 Tanz- und Unterhaltungsorchester in Deutschland von der Nachkriegszeit bis heute\u201c. Experten aus Forschung und Praxis sprechen in ihren Vortr\u00e4gen unter anderem \u00fcber Musiker wie James Last, Willy Berking und Theo Schumann sowie die Musikensembles von WDR und ORF. Neben Zeitzeugen werden Mitglieder aktueller Ensembles wie der SWR Big Band und des Rundfunk-Tanzorchesters Ehrenfeld zu Wort kommen.<\/p>\n<p>&nbsp;<\/p>\n<p>&nbsp;<\/p>\n<p>&nbsp;<\/p>\n<p style=\"text-align: justify;\"><strong>Was<\/strong>: Sammlungs\u00fcbergabe des Musikers James Last w\u00e4hrend der Tagung \u201eNon Stop Dancing zu Melodien f\u00fcr Millionen \u2013 Tanz- und Unterhaltungsorchester in Deutschland von der Nachkriegszeit bis heute\u201c<\/p>\n<p style=\"text-align: justify;\"><strong>Wann<\/strong>: Tagung: 25.09.2025 von 10:15 Uhr bis 19:30 Uhr sowie 26.09.2025 von 10:00 Ihr bis 19:30 Uhr \/ Sammlungs\u00fcbergabe: 25.09.2025 um 18:15 Uhr<\/p>\n<p style=\"text-align: justify;\"><strong>Wo<\/strong>: Zentrum f\u00fcr popul\u00e4re Kultur und Musik, Rosastra\u00dfe 17-19, 79098 Freiburg<\/p>\n<p style=\"text-align: justify;\"><strong>Wer<\/strong>: Zur Tagung und zum Festakt sind Medienvertreter sowie Interessierte eingeladen.<\/p>\n<p style=\"text-align: justify;\">Der Eintritt ist kostenlos.<\/p>\n<p style=\"text-align: justify;\"><strong>Veranstalter:<\/strong> Zentrum f\u00fcr popul\u00e4re Kultur und Musik, Universit\u00e4t Freiburg<\/p>\n<p style=\"text-align: justify;\">Um Anmeldung bis zum 23.09.2025 an <a href=\"mailto:info@zpkm.uni-freiburg.de\">info@zpkm.uni-freiburg.de<\/a> wird gebeten.<\/p>\n<p>&nbsp;<\/p>\n<p>&nbsp;<\/p>\n<figure id=\"attachment_248151\" aria-describedby=\"caption-attachment-248151\" style=\"width: 800px\" class=\"wp-caption alignnone\"><img decoding=\"async\" loading=\"lazy\" class=\"size-large wp-image-248151\" src=\"https:\/\/smago.de\/ws2\/wp-content\/uploads\/2025\/09\/last_james-min-800x533.jpeg\" alt=\"\" width=\"800\" height=\"533\" srcset=\"https:\/\/smago.de\/ws2\/wp-content\/uploads\/2025\/09\/last_james-min-800x533.jpeg 800w, https:\/\/smago.de\/ws2\/wp-content\/uploads\/2025\/09\/last_james-min-522x348.jpeg 522w, https:\/\/smago.de\/ws2\/wp-content\/uploads\/2025\/09\/last_james-min-225x150.jpeg 225w, https:\/\/smago.de\/ws2\/wp-content\/uploads\/2025\/09\/last_james-min-768x512.jpeg 768w, https:\/\/smago.de\/ws2\/wp-content\/uploads\/2025\/09\/last_james-min-1536x1024.jpeg 1536w, https:\/\/smago.de\/ws2\/wp-content\/uploads\/2025\/09\/last_james-min-392x261.jpeg 392w, https:\/\/smago.de\/ws2\/wp-content\/uploads\/2025\/09\/last_james-min-130x87.jpeg 130w, https:\/\/smago.de\/ws2\/wp-content\/uploads\/2025\/09\/last_james-min-668x445.jpeg 668w, https:\/\/smago.de\/ws2\/wp-content\/uploads\/2025\/09\/last_james-min-783x522.jpeg 783w, https:\/\/smago.de\/ws2\/wp-content\/uploads\/2025\/09\/last_james-min-285x190.jpeg 285w, https:\/\/smago.de\/ws2\/wp-content\/uploads\/2025\/09\/last_james-min-435x290.jpeg 435w, https:\/\/smago.de\/ws2\/wp-content\/uploads\/2025\/09\/last_james-min-150x100.jpeg 150w, https:\/\/smago.de\/ws2\/wp-content\/uploads\/2025\/09\/last_james-min-370x247.jpeg 370w, https:\/\/smago.de\/ws2\/wp-content\/uploads\/2025\/09\/last_james-min.jpeg 2048w\" sizes=\"(max-width: 800px) 100vw, 800px\" \/><figcaption id=\"caption-attachment-248151\" class=\"wp-caption-text\"><em>Foto-Credit: Michael Spiegelhalter \/ Universit\u00e4t Freiburg<\/em><\/figcaption><\/figure>\n","protected":false},"excerpt":{"rendered":"<p>Der feierliche Festakt findet im Rahmen einer interdisziplin\u00e4ren Tagung zu Tanz- und Unterhaltungsorchester im deutschsprachigen Raum statt, die das ZPKM<\/p>\n","protected":false},"author":2,"featured_media":248151,"comment_status":"open","ping_status":"closed","sticky":false,"template":"","format":"standard","meta":{"_FSMCFIC_featured_image_caption":"","_FSMCFIC_featured_image_nocaption":"","_FSMCFIC_featured_image_hide":""},"categories":[38,39],"tags":[558],"acf":[],"_links":{"self":[{"href":"https:\/\/smago.de\/ws2\/wp-json\/wp\/v2\/posts\/248147"}],"collection":[{"href":"https:\/\/smago.de\/ws2\/wp-json\/wp\/v2\/posts"}],"about":[{"href":"https:\/\/smago.de\/ws2\/wp-json\/wp\/v2\/types\/post"}],"author":[{"embeddable":true,"href":"https:\/\/smago.de\/ws2\/wp-json\/wp\/v2\/users\/2"}],"replies":[{"embeddable":true,"href":"https:\/\/smago.de\/ws2\/wp-json\/wp\/v2\/comments?post=248147"}],"version-history":[{"count":2,"href":"https:\/\/smago.de\/ws2\/wp-json\/wp\/v2\/posts\/248147\/revisions"}],"predecessor-version":[{"id":248153,"href":"https:\/\/smago.de\/ws2\/wp-json\/wp\/v2\/posts\/248147\/revisions\/248153"}],"wp:featuredmedia":[{"embeddable":true,"href":"https:\/\/smago.de\/ws2\/wp-json\/wp\/v2\/media\/248151"}],"wp:attachment":[{"href":"https:\/\/smago.de\/ws2\/wp-json\/wp\/v2\/media?parent=248147"}],"wp:term":[{"taxonomy":"category","embeddable":true,"href":"https:\/\/smago.de\/ws2\/wp-json\/wp\/v2\/categories?post=248147"},{"taxonomy":"post_tag","embeddable":true,"href":"https:\/\/smago.de\/ws2\/wp-json\/wp\/v2\/tags?post=248147"}],"curies":[{"name":"wp","href":"https:\/\/api.w.org\/{rel}","templated":true}]}}