{"id":248141,"date":"2025-09-25T00:00:05","date_gmt":"2025-09-24T22:00:05","guid":{"rendered":"https:\/\/smago.de\/ws2\/?p=248141"},"modified":"2025-09-24T16:46:36","modified_gmt":"2025-09-24T14:46:36","slug":"silvio-danza-cd-meine-lieblingslieder-3-seit-19-09-2025-erhaeltlich","status":"publish","type":"post","link":"https:\/\/smago.de\/ws2\/schlager\/silvio-danza-cd-meine-lieblingslieder-3-seit-19-09-2025-erhaeltlich\/","title":{"rendered":"SILVIO D&#8217;ANZA <br>CD \u201eMeine Lieblingslieder 3\u201c seit 19.09.2025 erh\u00e4ltlich!"},"content":{"rendered":"<p style=\"text-align: justify;\">Eine musikalische Reise voller Sommer, Liebe und Erinnerungen!<!--more--><\/p>\n<p>&nbsp;<\/p>\n<p>&nbsp;<\/p>\n<p style=\"text-align: justify;\">\n<p style=\"text-align: justify;\">SILVIO D&#8217;ANZA pr\u00e4sentiert \u201eMeine Lieblingslieder 3\u201c \u2013 eine musikalische Reise voller Sommer, Liebe und Erinnerungen.<\/p>\n<p style=\"text-align: justify;\">Er ist zur\u00fcck \u2013 und mit ihm die Magie der Gef\u00fchle, die Sehnsucht nach Sonne, Liebe und unvergesslichen Momenten. Silvio d\u2019Anza, der Ausnahmek\u00fcnstler mit der unverkennbaren Stimme, die unmittelbar das Herz ber\u00fchrt, setzt seine Erfolgsserie fort: Nach den sensationellen Erfolgen von \u201eMeine Lieblingslieder 1\u201c, das es sogar an die Spitze der Amazon Schlager-Charts geschafft hat, und \u201eMeine Lieblingslieder 2\u201c, erscheint nun endlich der sehns\u00fcchtig erwartete dritte Teil seiner beliebten Album-Reihe.<\/p>\n<p style=\"text-align: justify;\">\u201eMeine Lieblingslieder 3\u201c umfasst 21 wundersch\u00f6ne Titel, mit denen Silvio d\u2018Anza seine Zuh\u00f6rer auf eine musikalische Traumreise entf\u00fchrt. Dieses Mal stehen Sommer, Urlaub und romantische Sehnsuchtsorte im Mittelpunkt: Von leidenschaftlichen Rhythmen Spaniens wie im bezaubernden \u201eWenn Gitarren erklingen\u201c bis hin zu den vertr\u00e4umten N\u00e4chten Griechenlands unter dem \u201eMond \u00fcber Rhodos\u201c, der leidenschaftlichen Einladung zur \u201eReise ins Gl\u00fcck\u201c \u2013 Silvio nimmt uns mit in die sch\u00f6nsten Urlaubsregionen Europas.<\/p>\n<p style=\"text-align: justify;\">Neben beliebten Klassikern interpretiert Silvio d\u2018Anza auf diesem Album auch eigene Lieder wie \u201cDu bist mein Sommer\u201c oder aber auch \u201ePorto Amore\u201c, das uns musikalisch ins sonnige Italien entf\u00fchrt und das Gef\u00fchl eines italienischen Sommers einf\u00e4ngt. Doch die Reise f\u00fchrt auch zur\u00fcck zu l\u00e4ngst vergessenen, wundersch\u00f6nen Zeiten und Erinnerungen, etwa mit Titeln wie \u201eDu bist mein erster Gedanke\u201c, \u201eVaya con dios\u201c und dem romantischen Evergreen \u201ePaper Roses\u201c.<\/p>\n<p style=\"text-align: justify;\">Diese Songs sind weit mehr als Musik \u2013 sie sind emotionale Begleiter, die Erinnerungen lebendig werden lassen und die sch\u00f6nsten Tage und Gef\u00fchle erneut erlebbar machen. Mit \u201eMeine Lieblingslieder 3\u201c gelingt es Silvio d\u2018Anza eindrucksvoll, Gef\u00fchle von Sehnsucht, Romantik und Nostalgie zu wecken.<\/p>\n<p style=\"text-align: justify;\">Lassen Sie sich verzaubern, tr\u00e4umen Sie sich in Ihre Lieblingsorte, sp\u00fcren Sie die W\u00e4rme des Sommers und genie\u00dfen Sie wundersch\u00f6ne Erinnerungen \u2013 mit Silvio d\u2018Anza und seinem neuen Album \u201eMeine Lieblingslieder 3\u201c.<\/p>\n<p>&nbsp;<\/p>\n<p>&nbsp;<\/p>\n<p><img decoding=\"async\" loading=\"lazy\" class=\"alignnone size-large wp-image-248142\" src=\"https:\/\/smago.de\/ws2\/wp-content\/uploads\/2025\/09\/danza_meine_back-800x632.jpeg\" alt=\"\" width=\"800\" height=\"632\" srcset=\"https:\/\/smago.de\/ws2\/wp-content\/uploads\/2025\/09\/danza_meine_back-800x632.jpeg 800w, https:\/\/smago.de\/ws2\/wp-content\/uploads\/2025\/09\/danza_meine_back-522x412.jpeg 522w, https:\/\/smago.de\/ws2\/wp-content\/uploads\/2025\/09\/danza_meine_back-190x150.jpeg 190w, https:\/\/smago.de\/ws2\/wp-content\/uploads\/2025\/09\/danza_meine_back-768x607.jpeg 768w, https:\/\/smago.de\/ws2\/wp-content\/uploads\/2025\/09\/danza_meine_back-1536x1214.jpeg 1536w, https:\/\/smago.de\/ws2\/wp-content\/uploads\/2025\/09\/danza_meine_back-344x272.jpeg 344w, https:\/\/smago.de\/ws2\/wp-content\/uploads\/2025\/09\/danza_meine_back-759x600.jpeg 759w, https:\/\/smago.de\/ws2\/wp-content\/uploads\/2025\/09\/danza_meine_back-130x103.jpeg 130w, https:\/\/smago.de\/ws2\/wp-content\/uploads\/2025\/09\/danza_meine_back-563x445.jpeg 563w, https:\/\/smago.de\/ws2\/wp-content\/uploads\/2025\/09\/danza_meine_back-661x522.jpeg 661w, https:\/\/smago.de\/ws2\/wp-content\/uploads\/2025\/09\/danza_meine_back-240x190.jpeg 240w, https:\/\/smago.de\/ws2\/wp-content\/uploads\/2025\/09\/danza_meine_back-367x290.jpeg 367w, https:\/\/smago.de\/ws2\/wp-content\/uploads\/2025\/09\/danza_meine_back.jpeg 1854w\" sizes=\"(max-width: 800px) 100vw, 800px\" \/><\/p>\n","protected":false},"excerpt":{"rendered":"<p>Eine musikalische Reise voller Sommer, Liebe und Erinnerungen!<\/p>\n","protected":false},"author":2,"featured_media":248143,"comment_status":"open","ping_status":"closed","sticky":false,"template":"","format":"standard","meta":{"_FSMCFIC_featured_image_caption":"","_FSMCFIC_featured_image_nocaption":"","_FSMCFIC_featured_image_hide":""},"categories":[29,39],"tags":[1906],"acf":[],"_links":{"self":[{"href":"https:\/\/smago.de\/ws2\/wp-json\/wp\/v2\/posts\/248141"}],"collection":[{"href":"https:\/\/smago.de\/ws2\/wp-json\/wp\/v2\/posts"}],"about":[{"href":"https:\/\/smago.de\/ws2\/wp-json\/wp\/v2\/types\/post"}],"author":[{"embeddable":true,"href":"https:\/\/smago.de\/ws2\/wp-json\/wp\/v2\/users\/2"}],"replies":[{"embeddable":true,"href":"https:\/\/smago.de\/ws2\/wp-json\/wp\/v2\/comments?post=248141"}],"version-history":[{"count":3,"href":"https:\/\/smago.de\/ws2\/wp-json\/wp\/v2\/posts\/248141\/revisions"}],"predecessor-version":[{"id":248146,"href":"https:\/\/smago.de\/ws2\/wp-json\/wp\/v2\/posts\/248141\/revisions\/248146"}],"wp:featuredmedia":[{"embeddable":true,"href":"https:\/\/smago.de\/ws2\/wp-json\/wp\/v2\/media\/248143"}],"wp:attachment":[{"href":"https:\/\/smago.de\/ws2\/wp-json\/wp\/v2\/media?parent=248141"}],"wp:term":[{"taxonomy":"category","embeddable":true,"href":"https:\/\/smago.de\/ws2\/wp-json\/wp\/v2\/categories?post=248141"},{"taxonomy":"post_tag","embeddable":true,"href":"https:\/\/smago.de\/ws2\/wp-json\/wp\/v2\/tags?post=248141"}],"curies":[{"name":"wp","href":"https:\/\/api.w.org\/{rel}","templated":true}]}}