{"id":248125,"date":"2025-09-24T12:06:19","date_gmt":"2025-09-24T10:06:19","guid":{"rendered":"https:\/\/smago.de\/ws2\/?p=248125"},"modified":"2025-09-24T12:06:19","modified_gmt":"2025-09-24T10:06:19","slug":"olaf-der-flipper-wir-sagen-dankeschoen-80-jahre-die-geburtstagstournee-2026","status":"publish","type":"post","link":"https:\/\/smago.de\/ws2\/schlager\/olaf-der-flipper-wir-sagen-dankeschoen-80-jahre-die-geburtstagstournee-2026\/","title":{"rendered":"OLAF DER FLIPPER <br>&#8222;Wir sagen Dankesch\u00f6n! 80 Jahre \u2013 Die Geburtstagstournee 2026&#8220;:"},"content":{"rendered":"<p>Semmel Concerts pr\u00e4sentiert zehn Termine im Sp\u00e4tsommer \/ Fr\u00fchherbst 2026!<br \/>\n<!--more--><\/p>\n<p>&nbsp;<\/p>\n<p style=\"text-align: justify;\">\n<div class=\"xdj266r x14z9mp xat24cr x1lziwak x1vvkbs x126k92a\" style=\"text-align: justify;\">\n<div dir=\"auto\">Sensationelle Neuigkeiten! 2026 wird Dankesch\u00f6n gesagt, wenn <span class=\"html-span xdj266r x14z9mp xat24cr x1lziwak xexx8yu xyri2b x18d9i69 x1c1uobl x1hl2dhg x16tdsg8 x1vvkbs\"><a class=\"x1i10hfl xjbqb8w x1ejq31n x18oe1m7 x1sy0etr xstzfhl x972fbf x10w94by x1qhh985 x14e42zd x9f619 x1ypdohk xt0psk2 x3ct3a4 xdj266r x14z9mp xat24cr x1lziwak xexx8yu xyri2b x18d9i69 x1c1uobl x16tdsg8 x1hl2dhg xggy1nq x1a2a7pz xkrqix3 x1sur9pj x1fey0fg x1s688f\" tabindex=\"0\" role=\"link\" href=\"https:\/\/www.facebook.com\/olafderflipper?__cft__[0]=AZUQQUGP1LJkYrSky2nw0pYpeuF762hruPSolgJWIwQuguNd9WcWwHR2mHElgoeW7ujP_nAEMip_wBhANot5H-Pk8DlFc5TYkSfVInj9zZqZefso2DupfjlI4DfBaHoulW61gW0vSlj3X6hOYdYR1_dhnsa_f59cHKsTyIzk6Mu7tacPM9FR-LJxCfFyvhYhSLqt6CmzAHlGMph93L5Z4doD&amp;__tn__=-]K-R\"><span class=\"xt0psk2\"><span class=\"xjp7ctv\">Olaf der Flipper<\/span><\/span><\/a><\/span> f\u00fcr seine Geburtstagstournee wieder in die Hallen kehrt. <span class=\"html-span xexx8yu xyri2b x18d9i69 x1c1uobl x1hl2dhg x16tdsg8 x1vvkbs x3nfvp2 x1j61x8r x1fcty0u xdj266r xat24cr xm2jcoa x1mpyi22 xxymvpz xlup9mm x1kky2od\"><img decoding=\"async\" loading=\"lazy\" class=\"xz74otr x15mokao x1ga7v0g x16uus16 xbiv7yw\" src=\"https:\/\/static.xx.fbcdn.net\/images\/emoji.php\/v9\/tf7\/2\/16\/1f929.png\" alt=\"&#x1f929;\" width=\"16\" height=\"16\" \/><\/p>\n<p><\/span><\/div>\n<div dir=\"auto\">Wir sagen Dankesch\u00f6n f\u00fcr 80 Jahre Olaf der Flipper und feiern mit allen Fans im n\u00e4chsten Jahr 65 Jahre voller Hits und Live-Momente auf der B\u00fchne!<\/p>\n<\/div>\n<\/div>\n<div class=\"x14z9mp xat24cr x1lziwak x1vvkbs xtlvy1s x126k92a\">\n<div dir=\"auto\" style=\"text-align: justify;\"><span class=\"html-span xexx8yu xyri2b x18d9i69 x1c1uobl x1hl2dhg x16tdsg8 x1vvkbs x3nfvp2 x1j61x8r x1fcty0u xdj266r xat24cr xm2jcoa x1mpyi22 xxymvpz xlup9mm x1kky2od\"><img decoding=\"async\" loading=\"lazy\" class=\"xz74otr x15mokao x1ga7v0g x16uus16 xbiv7yw\" src=\"https:\/\/static.xx.fbcdn.net\/images\/emoji.php\/v9\/t4b\/2\/16\/1f3ab.png\" alt=\"&#x1f3ab;\" width=\"16\" height=\"16\" \/><\/span> Tickets gibt es ab sofort <strong><a href=\"https:\/\/bit.ly\/OlafDerFlipper-Geburtstagstournee2026\">HIER<\/a><\/strong> im exklusiven Eventim PreSale unter !<\/p>\n<\/div>\n<div dir=\"auto\" style=\"text-align: justify;\">Holen Sie sich Ihr Ticket und feiern Sie mit ihm seine Songs aus 65 Jahren B\u00fchnengeschichte!<\/div>\n<\/div>\n","protected":false},"excerpt":{"rendered":"<p>Semmel Concerts pr\u00e4sentiert zehn Termine im Sp\u00e4tsommer \/ Fr\u00fchherbst 2026!<\/p>\n","protected":false},"author":2,"featured_media":248126,"comment_status":"open","ping_status":"closed","sticky":false,"template":"","format":"standard","meta":{"_FSMCFIC_featured_image_caption":"","_FSMCFIC_featured_image_nocaption":"","_FSMCFIC_featured_image_hide":""},"categories":[29,39],"tags":[170],"acf":[],"_links":{"self":[{"href":"https:\/\/smago.de\/ws2\/wp-json\/wp\/v2\/posts\/248125"}],"collection":[{"href":"https:\/\/smago.de\/ws2\/wp-json\/wp\/v2\/posts"}],"about":[{"href":"https:\/\/smago.de\/ws2\/wp-json\/wp\/v2\/types\/post"}],"author":[{"embeddable":true,"href":"https:\/\/smago.de\/ws2\/wp-json\/wp\/v2\/users\/2"}],"replies":[{"embeddable":true,"href":"https:\/\/smago.de\/ws2\/wp-json\/wp\/v2\/comments?post=248125"}],"version-history":[{"count":1,"href":"https:\/\/smago.de\/ws2\/wp-json\/wp\/v2\/posts\/248125\/revisions"}],"predecessor-version":[{"id":248127,"href":"https:\/\/smago.de\/ws2\/wp-json\/wp\/v2\/posts\/248125\/revisions\/248127"}],"wp:featuredmedia":[{"embeddable":true,"href":"https:\/\/smago.de\/ws2\/wp-json\/wp\/v2\/media\/248126"}],"wp:attachment":[{"href":"https:\/\/smago.de\/ws2\/wp-json\/wp\/v2\/media?parent=248125"}],"wp:term":[{"taxonomy":"category","embeddable":true,"href":"https:\/\/smago.de\/ws2\/wp-json\/wp\/v2\/categories?post=248125"},{"taxonomy":"post_tag","embeddable":true,"href":"https:\/\/smago.de\/ws2\/wp-json\/wp\/v2\/tags?post=248125"}],"curies":[{"name":"wp","href":"https:\/\/api.w.org\/{rel}","templated":true}]}}