{"id":248102,"date":"2025-09-24T00:00:24","date_gmt":"2025-09-23T22:00:24","guid":{"rendered":"https:\/\/smago.de\/ws2\/?p=248102"},"modified":"2025-09-23T22:26:23","modified_gmt":"2025-09-23T20:26:23","slug":"stimmen-der-berge-am-26-09-2025-schicken-sie-den-radio-mix-ihres-neuen-album-titels-auch-fuer-dich-voraus","status":"publish","type":"post","link":"https:\/\/smago.de\/ws2\/schlager\/stimmen-der-berge-am-26-09-2025-schicken-sie-den-radio-mix-ihres-neuen-album-titels-auch-fuer-dich-voraus\/","title":{"rendered":"STIMMEN DER BERGE <br>Am 26.09.2025 schicken sie den &#8218;Radio Mix&#8216; ihres neuen Album-Titels &#8222;Auch f\u00fcr Dich&#8220; voraus!"},"content":{"rendered":"<p>&nbsp;<\/p>\n<p>&nbsp;<\/p>\n<p style=\"text-align: justify;\">Mit \u201eAuch f\u00fcr Dich (Radio Mix)\u201d ver\u00f6ffentlichen die STIMMEN DER BERGE die vierte Single-(Vorab-)Auskopplung ihres n neuen Albums \u201eAuch f\u00fcr Dich\u201c.<\/p>\n<p style=\"text-align: justify;\">Der von Toni Peeters geschriebene und komponierte Song \u00fcberzeugt in der frischen Radio-Version mit emotionaler<br \/>\nTiefe, harmonischer Mehrstimmigkeit und eing\u00e4ngiger Modernit\u00e4t. Produziert wurde die Single von Ren\u00e9 M\u00f6ckel und Benjamin Schwenen, die dem Titel mit ihrer Handschrift einen zeitgem\u00e4\u00dfen und zugleich gef\u00fchlvollen Sound verleihen.<\/p>\n<p>Die Single erscheint am 26.09.2025 auf allen Streaming-Plattformen und bildet den H\u00f6hepunkt vor der Ver\u00f6ffentlichung des gleichnamigen Albums, das nunmehr final am 10.10.2025 erscheint.<\/p>\n","protected":false},"excerpt":{"rendered":"<p>&nbsp; &nbsp; Mit \u201eAuch f\u00fcr Dich (Radio Mix)\u201d ver\u00f6ffentlichen die STIMMEN DER BERGE die vierte Single-(Vorab-)Auskopplung ihres n neuen Albums<\/p>\n","protected":false},"author":2,"featured_media":248104,"comment_status":"open","ping_status":"closed","sticky":false,"template":"","format":"standard","meta":{"_FSMCFIC_featured_image_caption":"","_FSMCFIC_featured_image_nocaption":"","_FSMCFIC_featured_image_hide":""},"categories":[29],"tags":[613],"acf":[],"_links":{"self":[{"href":"https:\/\/smago.de\/ws2\/wp-json\/wp\/v2\/posts\/248102"}],"collection":[{"href":"https:\/\/smago.de\/ws2\/wp-json\/wp\/v2\/posts"}],"about":[{"href":"https:\/\/smago.de\/ws2\/wp-json\/wp\/v2\/types\/post"}],"author":[{"embeddable":true,"href":"https:\/\/smago.de\/ws2\/wp-json\/wp\/v2\/users\/2"}],"replies":[{"embeddable":true,"href":"https:\/\/smago.de\/ws2\/wp-json\/wp\/v2\/comments?post=248102"}],"version-history":[{"count":1,"href":"https:\/\/smago.de\/ws2\/wp-json\/wp\/v2\/posts\/248102\/revisions"}],"predecessor-version":[{"id":248105,"href":"https:\/\/smago.de\/ws2\/wp-json\/wp\/v2\/posts\/248102\/revisions\/248105"}],"wp:featuredmedia":[{"embeddable":true,"href":"https:\/\/smago.de\/ws2\/wp-json\/wp\/v2\/media\/248104"}],"wp:attachment":[{"href":"https:\/\/smago.de\/ws2\/wp-json\/wp\/v2\/media?parent=248102"}],"wp:term":[{"taxonomy":"category","embeddable":true,"href":"https:\/\/smago.de\/ws2\/wp-json\/wp\/v2\/categories?post=248102"},{"taxonomy":"post_tag","embeddable":true,"href":"https:\/\/smago.de\/ws2\/wp-json\/wp\/v2\/tags?post=248102"}],"curies":[{"name":"wp","href":"https:\/\/api.w.org\/{rel}","templated":true}]}}