{"id":248072,"date":"2025-09-23T14:39:17","date_gmt":"2025-09-23T12:39:17","guid":{"rendered":"https:\/\/smago.de\/ws2\/?p=248072"},"modified":"2025-09-23T14:39:17","modified_gmt":"2025-09-23T12:39:17","slug":"stefan-raab-muskeln-total-stefan-raab-praesentiert-die-staerkste-show-des-jahres","status":"publish","type":"post","link":"https:\/\/smago.de\/ws2\/nonsens\/stefan-raab-muskeln-total-stefan-raab-praesentiert-die-staerkste-show-des-jahres\/","title":{"rendered":"STEFAN RAAB <br>Muskeln total! Stefan Raab pr\u00e4sentiert die st\u00e4rkste Show des Jahres!"},"content":{"rendered":"<p style=\"text-align: justify;\">&#8222;Die Stefan Raab Show&#8220; \u2013 Mittwoch, 24.09.2025, 20:15 Uhr bei RTL und vorab auf RTL+!<!--more--><\/p>\n<p style=\"text-align: justify;\">\n<p style=\"text-align: justify;\">\n<p style=\"text-align: justify;\">Das wird ganz stark! In der ersten regul\u00e4ren Ausgabe der neuen Stefan Raab Show dreht sich alles um das Trendthema Bodybuilding.\u00a0Diese bodygest\u00e4hlten G\u00e4ste sind bei Stefan im Studio und zeigen ihre Fitness-K\u00fcnste: Der ehemalige deutsche Profi-Bodybuilder <strong>Markus R\u00fchl<\/strong>, Ex-Bodybuilder und Moderator <strong>Horst Lichter<\/strong>\u00a0und <strong>Lena Ramsteiner<\/strong>, Europameisterin im Bodybuilding. Auch <strong>Marius Strumpen<\/strong>,\u00a0Gesamtsieger und Deutscher Meister Bodybuilding 2025 und <strong>Stefan Gjorgiev<\/strong>, Bodybuilder Weltmeister in der Juniorenklasse 2024 und 6x Facher Nationaler Champion, sind mit von der Partie. Wie wird sich Stefan schlagen? Welche Gewichte kann er stemmen?<\/p>\n<p style=\"text-align: justify;\">&#8222;Die Stefan Raab Show&#8220; bietet ab sofort jede Woche Mittwoch eine unverwechselbare Mischung aus Humor, Scharfsinn und Entertainment. Jede Sendung vereint spannende Geschichten, pointierte Meinungen und \u00fcberraschende Perspektiven. Hier gibt es Raab pur! Unterhaltsame Stra\u00dfenumfragen und Stand-ups, prominente G\u00e4ste und spontane Studioaktionen bilden den Rahmen der Show.<\/p>\n<p>Produziert wird &#8222;Die Stefan Raab Show&#8220; von Raab Entertainment im Auftrag von RTL.<\/p>\n<p style=\"text-align: justify;\">Tickets f\u00fcr &#8222;Die Stefan Raab Show&#8220; unter\u202f <strong><a href=\"https:\/\/eur03.safelinks.protection.outlook.com\/?url=http%3A%2F%2Fwww.raab-tickets.de%2F&amp;data=05%7C02%7C%7C5d31ad0dd05f4732df8408ddfa8aa4a4%7Cefce8346592b4b6eb1c20fd07bd5e442%7C0%7C0%7C638942195617180732%7CUnknown%7CTWFpbGZsb3d8eyJFbXB0eU1hcGkiOnRydWUsIlYiOiIwLjAuMDAwMCIsIlAiOiJXaW4zMiIsIkFOIjoiTWFpbCIsIldUIjoyfQ%3D%3D%7C0%7C%7C%7C&amp;sdata=ZQZTtD9fu3B6kdSeNFRLThoH8D1Fo11Z6TCZQylO7JQ%3D&amp;reserved=0\">www.raab-tickets.de<\/a><\/strong>!<\/p>\n<p>&nbsp;<\/p>\n<p>&nbsp;<\/p>\n<figure id=\"attachment_248073\" aria-describedby=\"caption-attachment-248073\" style=\"width: 800px\" class=\"wp-caption alignnone\"><img decoding=\"async\" loading=\"lazy\" class=\"size-large wp-image-248073\" src=\"https:\/\/smago.de\/ws2\/wp-content\/uploads\/2025\/09\/66695-2-800x450.jpg\" alt=\"\" width=\"800\" height=\"450\" srcset=\"https:\/\/smago.de\/ws2\/wp-content\/uploads\/2025\/09\/66695-2-800x450.jpg 800w, https:\/\/smago.de\/ws2\/wp-content\/uploads\/2025\/09\/66695-2-522x294.jpg 522w, https:\/\/smago.de\/ws2\/wp-content\/uploads\/2025\/09\/66695-2-267x150.jpg 267w, https:\/\/smago.de\/ws2\/wp-content\/uploads\/2025\/09\/66695-2-768x432.jpg 768w, https:\/\/smago.de\/ws2\/wp-content\/uploads\/2025\/09\/66695-2-1536x864.jpg 1536w, https:\/\/smago.de\/ws2\/wp-content\/uploads\/2025\/09\/66695-2-2048x1152.jpg 2048w, https:\/\/smago.de\/ws2\/wp-content\/uploads\/2025\/09\/66695-2-392x221.jpg 392w, https:\/\/smago.de\/ws2\/wp-content\/uploads\/2025\/09\/66695-2-130x73.jpg 130w, https:\/\/smago.de\/ws2\/wp-content\/uploads\/2025\/09\/66695-2-791x445.jpg 791w, https:\/\/smago.de\/ws2\/wp-content\/uploads\/2025\/09\/66695-2-870x489.jpg 870w, https:\/\/smago.de\/ws2\/wp-content\/uploads\/2025\/09\/66695-2-292x164.jpg 292w, https:\/\/smago.de\/ws2\/wp-content\/uploads\/2025\/09\/66695-2-435x245.jpg 435w, https:\/\/smago.de\/ws2\/wp-content\/uploads\/2025\/09\/66695-2-895x503.jpg 895w\" sizes=\"(max-width: 800px) 100vw, 800px\" \/><figcaption id=\"caption-attachment-248073\" class=\"wp-caption-text\"><em>Stefan Raab<\/em><\/p>\n<p><em>Foto-Credit: RTL &#8211; Raab Entertainment \/ Willi Weber<\/em><\/p>\n<p><em>Bitte beachten Sie auch <strong><a href=\"http:\/\/www.rtlplus.de\">RTL+<\/a><\/strong>!<\/em><\/figcaption><\/figure>\n","protected":false},"excerpt":{"rendered":"<p>&#8222;Die Stefan Raab Show&#8220; \u2013 Mittwoch, 24.09.2025, 20:15 Uhr bei RTL und vorab auf RTL+!<\/p>\n","protected":false},"author":2,"featured_media":248073,"comment_status":"open","ping_status":"closed","sticky":false,"template":"","format":"standard","meta":{"_FSMCFIC_featured_image_caption":"","_FSMCFIC_featured_image_nocaption":"","_FSMCFIC_featured_image_hide":""},"categories":[23],"tags":[507],"acf":[],"_links":{"self":[{"href":"https:\/\/smago.de\/ws2\/wp-json\/wp\/v2\/posts\/248072"}],"collection":[{"href":"https:\/\/smago.de\/ws2\/wp-json\/wp\/v2\/posts"}],"about":[{"href":"https:\/\/smago.de\/ws2\/wp-json\/wp\/v2\/types\/post"}],"author":[{"embeddable":true,"href":"https:\/\/smago.de\/ws2\/wp-json\/wp\/v2\/users\/2"}],"replies":[{"embeddable":true,"href":"https:\/\/smago.de\/ws2\/wp-json\/wp\/v2\/comments?post=248072"}],"version-history":[{"count":1,"href":"https:\/\/smago.de\/ws2\/wp-json\/wp\/v2\/posts\/248072\/revisions"}],"predecessor-version":[{"id":248074,"href":"https:\/\/smago.de\/ws2\/wp-json\/wp\/v2\/posts\/248072\/revisions\/248074"}],"wp:featuredmedia":[{"embeddable":true,"href":"https:\/\/smago.de\/ws2\/wp-json\/wp\/v2\/media\/248073"}],"wp:attachment":[{"href":"https:\/\/smago.de\/ws2\/wp-json\/wp\/v2\/media?parent=248072"}],"wp:term":[{"taxonomy":"category","embeddable":true,"href":"https:\/\/smago.de\/ws2\/wp-json\/wp\/v2\/categories?post=248072"},{"taxonomy":"post_tag","embeddable":true,"href":"https:\/\/smago.de\/ws2\/wp-json\/wp\/v2\/tags?post=248072"}],"curies":[{"name":"wp","href":"https:\/\/api.w.org\/{rel}","templated":true}]}}