{"id":248059,"date":"2025-09-23T13:49:54","date_gmt":"2025-09-23T11:49:54","guid":{"rendered":"https:\/\/smago.de\/ws2\/?p=248059"},"modified":"2025-09-23T13:49:54","modified_gmt":"2025-09-23T11:49:54","slug":"nockis-neuer-besucherrekord-beim-nockisfest","status":"publish","type":"post","link":"https:\/\/smago.de\/ws2\/schlager\/nockis-neuer-besucherrekord-beim-nockisfest\/","title":{"rendered":"NOCKIS <br>Neuer Besucherrekord beim &#8222;Nockisfest&#8220;!"},"content":{"rendered":"<p style=\"text-align: justify;\">Der Vorverkauf f\u00fcr das &#8222;Nockisfest 2026&#8220; (18.09. &#8211; 20.09.) startet am 05.11.2025 um 10:00 Uhr!<br \/>\n<!--more--><\/p>\n<p style=\"text-align: justify;\">\n<p style=\"text-align: justify;\">\n<p class=\"p2\" style=\"text-align: justify;\">Ein Wochenende lang stand das malerisch sch\u00f6ne Millstatt am See (K\u00e4rnten) ganz im Zeichen des Schlagers! \u201eEs war das gr\u00f6\u00dfte und sch\u00f6nste NOCKISFEST aller Zeiten\u201c, so der Tenor von Fans und den Veranstaltern (Nockis, FF Millstatt und Viertbauer Promotion).<\/p>\n<p class=\"p2\" style=\"text-align: justify;\">Bereits im Vorfeld der Veranstaltung waren viele Fans im Rahmen der <b>Nockiswoche <\/b>gemeinsam mit Nockis-Frontmann Gottfried W\u00fcrcher und Wilfried Wiederschwinger an f\u00fcnf Tagen unterwegs, um ein abwechslungsreiches Programm mit Ausfl\u00fcgen, Besichtigungen und feinster Kulinarik zu erleben. Besondere Fanmomente gab es auch wieder bei der \u201eMeet &amp; Greet\u201c-Schifffahrt mit den Nockis am Millst\u00e4tter See, bei der die Teilnehmer bereits vor dem Freitagskonzert die Gelegenheit hatten, mit den Musikern zu plaudern, ein Foto zu machen oder einfach nur die Sch\u00f6nheit des Millst\u00e4tter Sees zu genie\u00dfen. Ein besonderer Dank gilt an dieser Stelle den Teams des Tourismusverbands Millstatt am See sowie dem Tourismusmanagement Millst\u00e4tter See \u2013 Bad Kleinkirchheim \u2013 Nockberge.<\/p>\n<p class=\"p2\" style=\"text-align: justify;\">K\u00e4rnten legend\u00e4rste Schlagerparty wurde ihrem Namen mehr als gerecht:<\/p>\n<p class=\"p2\" style=\"text-align: justify;\">Bereits der Freitag sprengte alle bisherigen Rekorde. Moderiert von <b>Marco Ventre <\/b>begann das hochkar\u00e4tige Programm. <b>Reiner Kirsten <\/b>aus dem Schwarzwald, die gro\u00dfartigen <b>Grubertaler <\/b>aus Tirol und Schlagerlegende <b>Bata Illic <\/b>(er feiert am 30.9.25 seinen 86. Geburtstag) wurden mit frenetischem Applaus empfangen und gefeiert. Als um 21:15 Uhr die NOCKIS die B\u00fchne betraten, wurden sie mit Standing Ovations begr\u00fc\u00dft \u2013 und so blieb es auch bis kurz nach Mitternacht. F\u00fcr ein besonderes Highlight unter dem Motto \u201eDie Nacht der Legenden\u201c sorgten die einmaligen <b>Stoanis, M\u00f6lltaler Legende Huby Mayer <\/b>und die Stimme der SEER, <b>Sabine \u201eSassy\u201c Holzinger <\/b>\u2013 allesamt echte Musiklegenden, die gemeinsam mit ihren Freunden den NOCKIS ihre gro\u00dfen Hits auf die B\u00fchne brachten. \u00dcber 3.000 Besucher feierten ausgelassen diese magischen Momente.<\/p>\n<p class=\"p2\" style=\"text-align: justify;\">Auch der Samstag bot jede Menge f\u00fcr die NOCKIS-Fans, die zum Teil weite Anreisen aus dem gesamten deutschsprachigen Raum auf sich nahmen, um mit dabei zu sein. Die <b>Calimeros<\/b>, als erfolgreichste Schlagerband der Schweiz, machten den Anfang, gefolgt von der atemberaubenden Show des Ensembles <b>Saturday Night Fever <\/b>\u2013 allesamt gro\u00dfartige S\u00e4nger und T\u00e4nzer, die mit den gro\u00dfen Welthits der 1970er-Jahre begeisterten. Ebenso mitrei\u00dfend: Schlagerstar <b>Petra Frey<\/b>. Das kr\u00f6nende Highlight waren nat\u00fcrlich die Nockis mit ihren gro\u00dfen Hits aus \u00fcber vier Jahrzehnten. Es wurde mitgesungen, gefeiert \u2013 und die Begeisterung der Fans erreichte erneut ihren H\u00f6hepunkt.<\/p>\n<p class=\"p2\" style=\"text-align: justify;\">Den Abschluss bildete der Fr\u00fchschoppen am Sonntag moderiert von <b>Daniel D\u00fcsenflitz<\/b>, bei dem die NOCKIS \u2013 wie jedes Jahr \u2013 auch jungen K\u00fcnstlern aus der Region die Chance gaben, sich zu pr\u00e4sentieren. <b>Harmonika-Staatsmeister Fabian Watschinger, die Geschwister Scharf, Kryner Mix, Die Karawanken und Ligist 3 <\/b>mit dem gro\u00dfartigen Humoristen <b>Christian Gruber <\/b>sorgten f\u00fcr beste Stimmung. Die NOCKIS z\u00fcndeten zum Abschluss nochmals ein Hitfeuerwerk und \u00fcberreichten gemeinsam mit ihrem Management Sonja und Gustl Viertbauer der <b>FF Millstatt<\/b>, mit der sie seit 30 Jahren gemeinsam das Nockisfest veranstalten, ein gro\u00dfes DANKE Erinnerungsportrait mit allen Akteuren vor und hinter der B\u00fchne dieses Megaevents.<\/p>\n<p class=\"p2\" style=\"text-align: justify;\">Und weil bekanntlich \u201enach dem Fest vor dem Fest ist\u201c, steht auch schon der Termin f\u00fcr das kommende Jahr fest: <b>Von 18. bis 20. September 2026 laden wir herzlich zur legend\u00e4rsten Schlagerparty in die Heimat der NOCKIS ein!<\/b><\/p>\n<p>&nbsp;<\/p>\n<p class=\"p2\" style=\"text-align: justify;\"><b>Der Vorverkauf f\u00fcr das NOCKISFEST 2026 startet am 5. November ab 10:00 Uhr <\/b>unter <strong><a href=\"http:\/\/www.nockis.at\">www.nockis.at<\/a><\/strong> und <strong><a href=\"http:\/\/www.oeticket.com\">www.oeticket.com<\/a><\/strong>.<\/p>\n<p>&nbsp;<\/p>\n<p>&nbsp;<\/p>\n<figure id=\"attachment_248061\" aria-describedby=\"caption-attachment-248061\" style=\"width: 800px\" class=\"wp-caption alignnone\"><img decoding=\"async\" loading=\"lazy\" class=\"size-large wp-image-248061\" src=\"https:\/\/smago.de\/ws2\/wp-content\/uploads\/2025\/09\/Nockis-FF-Bgm-und-Management-800x533.jpg\" alt=\"\" width=\"800\" height=\"533\" srcset=\"https:\/\/smago.de\/ws2\/wp-content\/uploads\/2025\/09\/Nockis-FF-Bgm-und-Management-800x533.jpg 800w, https:\/\/smago.de\/ws2\/wp-content\/uploads\/2025\/09\/Nockis-FF-Bgm-und-Management-522x348.jpg 522w, https:\/\/smago.de\/ws2\/wp-content\/uploads\/2025\/09\/Nockis-FF-Bgm-und-Management-225x150.jpg 225w, https:\/\/smago.de\/ws2\/wp-content\/uploads\/2025\/09\/Nockis-FF-Bgm-und-Management-768x512.jpg 768w, https:\/\/smago.de\/ws2\/wp-content\/uploads\/2025\/09\/Nockis-FF-Bgm-und-Management-1536x1024.jpg 1536w, https:\/\/smago.de\/ws2\/wp-content\/uploads\/2025\/09\/Nockis-FF-Bgm-und-Management-2048x1366.jpg 2048w, https:\/\/smago.de\/ws2\/wp-content\/uploads\/2025\/09\/Nockis-FF-Bgm-und-Management-392x261.jpg 392w, https:\/\/smago.de\/ws2\/wp-content\/uploads\/2025\/09\/Nockis-FF-Bgm-und-Management-130x87.jpg 130w, https:\/\/smago.de\/ws2\/wp-content\/uploads\/2025\/09\/Nockis-FF-Bgm-und-Management-667x445.jpg 667w, https:\/\/smago.de\/ws2\/wp-content\/uploads\/2025\/09\/Nockis-FF-Bgm-und-Management-783x522.jpg 783w, https:\/\/smago.de\/ws2\/wp-content\/uploads\/2025\/09\/Nockis-FF-Bgm-und-Management-285x190.jpg 285w, https:\/\/smago.de\/ws2\/wp-content\/uploads\/2025\/09\/Nockis-FF-Bgm-und-Management-435x290.jpg 435w, https:\/\/smago.de\/ws2\/wp-content\/uploads\/2025\/09\/Nockis-FF-Bgm-und-Management-150x100.jpg 150w, https:\/\/smago.de\/ws2\/wp-content\/uploads\/2025\/09\/Nockis-FF-Bgm-und-Management-370x247.jpg 370w\" sizes=\"(max-width: 800px) 100vw, 800px\" \/><figcaption id=\"caption-attachment-248061\" class=\"wp-caption-text\"><em>Foto-Credit: Viertbauer Promotion GmbH<\/em><\/figcaption><\/figure>\n","protected":false},"excerpt":{"rendered":"<p>Der Vorverkauf f\u00fcr das &#8222;Nockisfest 2026&#8220; (18.09. &#8211; 20.09.) startet am 05.11.2025 um 10:00 Uhr!<\/p>\n","protected":false},"author":2,"featured_media":248060,"comment_status":"open","ping_status":"closed","sticky":false,"template":"","format":"standard","meta":{"_FSMCFIC_featured_image_caption":"","_FSMCFIC_featured_image_nocaption":"","_FSMCFIC_featured_image_hide":""},"categories":[29,39],"tags":[1081],"acf":[],"_links":{"self":[{"href":"https:\/\/smago.de\/ws2\/wp-json\/wp\/v2\/posts\/248059"}],"collection":[{"href":"https:\/\/smago.de\/ws2\/wp-json\/wp\/v2\/posts"}],"about":[{"href":"https:\/\/smago.de\/ws2\/wp-json\/wp\/v2\/types\/post"}],"author":[{"embeddable":true,"href":"https:\/\/smago.de\/ws2\/wp-json\/wp\/v2\/users\/2"}],"replies":[{"embeddable":true,"href":"https:\/\/smago.de\/ws2\/wp-json\/wp\/v2\/comments?post=248059"}],"version-history":[{"count":1,"href":"https:\/\/smago.de\/ws2\/wp-json\/wp\/v2\/posts\/248059\/revisions"}],"predecessor-version":[{"id":248062,"href":"https:\/\/smago.de\/ws2\/wp-json\/wp\/v2\/posts\/248059\/revisions\/248062"}],"wp:featuredmedia":[{"embeddable":true,"href":"https:\/\/smago.de\/ws2\/wp-json\/wp\/v2\/media\/248060"}],"wp:attachment":[{"href":"https:\/\/smago.de\/ws2\/wp-json\/wp\/v2\/media?parent=248059"}],"wp:term":[{"taxonomy":"category","embeddable":true,"href":"https:\/\/smago.de\/ws2\/wp-json\/wp\/v2\/categories?post=248059"},{"taxonomy":"post_tag","embeddable":true,"href":"https:\/\/smago.de\/ws2\/wp-json\/wp\/v2\/tags?post=248059"}],"curies":[{"name":"wp","href":"https:\/\/api.w.org\/{rel}","templated":true}]}}