{"id":248048,"date":"2025-09-23T00:00:58","date_gmt":"2025-09-22T22:00:58","guid":{"rendered":"https:\/\/smago.de\/ws2\/?p=248048"},"modified":"2025-09-22T23:36:03","modified_gmt":"2025-09-22T21:36:03","slug":"harald-juhnke-feierliche-eroeffnung-des-harald-juhnke-platzes-in-berlin","status":"publish","type":"post","link":"https:\/\/smago.de\/ws2\/schlager\/harald-juhnke-feierliche-eroeffnung-des-harald-juhnke-platzes-in-berlin\/","title":{"rendered":"HARALD JUHNKE <br>Feierliche Er\u00f6ffnung des Harald-Juhnke-Platzes in Berlin!"},"content":{"rendered":"<p style=\"text-align: justify;\">&#8222;L\u00e4ngst \u00fcberf\u00e4llig&#8220;, kommentiert der langj\u00e4hrige Manager des vor zwanzig Jahren verstorbenen Entertainers, Peter Wolf &#8230;:<br \/>\n<!--more--><\/p>\n<p>&nbsp;<\/p>\n<p style=\"text-align: justify;\">\n<p style=\"text-align: justify;\">it einem feierlichen Festakt wird der Harald-Juhnke-Platz am Kurf\u00fcrstendamm in Berlin am kommenden Montag, 29. September 2025 offiziell er\u00f6ffnet. Die Schauspieler Ben Becker und Karsten Speck interpretieren Lieder von Harald Juhnke, ehe Susanne Juhnke, die Witwe des Schauspielers und der Regierende B\u00fcrgermeister von Berlin Kai Wegner das Harald-Juhnke-Platzschild in einem symbolischen Akt enth\u00fcllen.<\/p>\n<p style=\"text-align: justify;\">Zahlreiche prominente G\u00e4ste aus Kultur, Politik, Wirtschaft und Gesellschaft werden bei der Zeremonie anwesend sein.<\/p>\n<p style=\"text-align: justify;\">Der geb\u00fcrtige Berliner Harald Juhnke pr\u00e4gte als Schauspieler und Entertainer \u00fcber mehr als f\u00fcnf Jahrzehnte hinweg die deutschsprachige Unterhaltungslandschaft in Deutschland, \u00d6sterreich und der Schweiz.<\/p>\n<p style=\"text-align: justify;\">Der langj\u00e4hrige Manager von Harald Juhnke, Peter Wolf: \u201eHarald Juhnke war der popul\u00e4rste Botschafter Berlins. Seine TV-Show \u201eMusik ist Trumpf\u201c sahen 30 Millionen Zuschauer. Es war auch seine Vielseitigkeit, die ihn auszeichnete: er feierte gro\u00dfe Erfolge als Schauspieler auf Theaterb\u00fchnen, im Kino, im Fernsehen sowie auch als S\u00e4nger und Entertainer. 20 Jahre nach seinem Tod ist die W\u00fcrdigung des Lebenswerks von Harald Juhnke l\u00e4ngst \u00fcberf\u00e4llig\u201c.<\/p>\n","protected":false},"excerpt":{"rendered":"<p>&#8222;L\u00e4ngst \u00fcberf\u00e4llig&#8220;, kommentiert der langj\u00e4hrige Manager des vor zwanzig Jahren verstorbenen Entertainers, Peter Wolf &#8230;:<\/p>\n","protected":false},"author":2,"featured_media":242704,"comment_status":"open","ping_status":"closed","sticky":false,"template":"","format":"standard","meta":{"_FSMCFIC_featured_image_caption":"","_FSMCFIC_featured_image_nocaption":"","_FSMCFIC_featured_image_hide":""},"categories":[29],"tags":[392],"acf":[],"_links":{"self":[{"href":"https:\/\/smago.de\/ws2\/wp-json\/wp\/v2\/posts\/248048"}],"collection":[{"href":"https:\/\/smago.de\/ws2\/wp-json\/wp\/v2\/posts"}],"about":[{"href":"https:\/\/smago.de\/ws2\/wp-json\/wp\/v2\/types\/post"}],"author":[{"embeddable":true,"href":"https:\/\/smago.de\/ws2\/wp-json\/wp\/v2\/users\/2"}],"replies":[{"embeddable":true,"href":"https:\/\/smago.de\/ws2\/wp-json\/wp\/v2\/comments?post=248048"}],"version-history":[{"count":3,"href":"https:\/\/smago.de\/ws2\/wp-json\/wp\/v2\/posts\/248048\/revisions"}],"predecessor-version":[{"id":248051,"href":"https:\/\/smago.de\/ws2\/wp-json\/wp\/v2\/posts\/248048\/revisions\/248051"}],"wp:featuredmedia":[{"embeddable":true,"href":"https:\/\/smago.de\/ws2\/wp-json\/wp\/v2\/media\/242704"}],"wp:attachment":[{"href":"https:\/\/smago.de\/ws2\/wp-json\/wp\/v2\/media?parent=248048"}],"wp:term":[{"taxonomy":"category","embeddable":true,"href":"https:\/\/smago.de\/ws2\/wp-json\/wp\/v2\/categories?post=248048"},{"taxonomy":"post_tag","embeddable":true,"href":"https:\/\/smago.de\/ws2\/wp-json\/wp\/v2\/tags?post=248048"}],"curies":[{"name":"wp","href":"https:\/\/api.w.org\/{rel}","templated":true}]}}