{"id":248002,"date":"2025-09-23T00:00:12","date_gmt":"2025-09-22T22:00:12","guid":{"rendered":"https:\/\/smago.de\/ws2\/?p=248002"},"modified":"2025-09-22T13:56:49","modified_gmt":"2025-09-22T11:56:49","slug":"torben-klein-ein-hoch-auf-das-leben-die-ultra-starke-neue-single-von-torben-klein","status":"publish","type":"post","link":"https:\/\/smago.de\/ws2\/pop-schlager\/torben-klein-ein-hoch-auf-das-leben-die-ultra-starke-neue-single-von-torben-klein\/","title":{"rendered":"TORBEN KLEIN <br>&#8222;Ein Hoch auf das Leben&#8220; &#8211; die ULTRA STARKe neue Single von Torben Klein!"},"content":{"rendered":"<p style=\"text-align: justify;\">Der Song entstand in Zusammenarbeit mit Simon Allert!<!--more--><\/p>\n<p>&nbsp;<\/p>\n<p>&nbsp;<\/p>\n<p>&nbsp;<\/p>\n<p style=\"text-align: justify;\">Am 26.09.2025 erscheint die neue Single \u201eEin Hoch auf das Leben\u201c von TORBEN KLEIN, die er zusammen mit Hit-Produzent Simon Allert aufgenommen hat.<\/p>\n<p><em>\u201eLasst uns das Leben feiern, die Menschen, die einen begleiten und jeden Moment genie\u00dfen und zelebrieren. Wir haben nur dieses eine Leben und das sollte gl\u00fccklich sein\u201c,<\/em> so Torben Klein.<\/p>\n<p style=\"text-align: justify;\">\n<p style=\"text-align: justify;\">\n<p style=\"text-align: justify;\">\n<p style=\"text-align: justify;\"><strong>Biografie TORBEN KLEIN<\/strong><\/p>\n<p>Torben Klein \u2013 K\u00f6lscher S\u00e4nger mit beiden Beinen mitten im Volk!<\/p>\n<p>Im Jahr 2008 steigt er in den k\u00f6lschen Karneval ein und verhilft direkt der Formation \u201eBoore\u201c zu einem neuen Karriere-Aufschwung mit steigenden Auftrittszahlen. Bereits nach einem Jahr wird er von mehreren Top-Bands der K\u00f6lner Szene umworben und entscheidet sich f\u00fcr den Einstieg bei der Band \u201eR\u00e4uber\u201c.<\/p>\n<p>Mit \u201eDat es Heimat\u201c, der bekannten Hymne an die Domstadt K\u00f6ln, kann er als S\u00e4nger, Text-Autor und Produzent mit den R\u00e4ubern sogar Helene Fischer vom Thron der iTunes-Schlager-Charts verdr\u00e4ngen. Mit dem hochdeutschen Discofox-Titel \u201eWenn ich tr\u00e4um in der Nacht\u201c zeigt Torben dann erneut sein Gesp\u00fcr f\u00fcr Hits und wandelt den Song in einen bundesweiten Tanzfl\u00e4chenf\u00fcller um, bei dem er wieder als Produzent, Arrangeur und S\u00e4nger verantwortlich ist.<br \/>\nMit dem Lied \u201eF\u00fcr die Iwigkeit\u201c schreibt er im Alleingang f\u00fcr die R\u00e4uber den Hit der Karnevalssession 2017\/2018 und setzt erneut ein Ausrufezeichen. Bereits am Tag der Ver\u00f6ffentlichung vom \u201eK\u00f6lner Express\u201c zum Sessionshit ernannt, begeistert der Titel schnell die Massen. Auf Amazon und iTunes platzierte sich \u201eF\u00fcr die Iwigkeit\u201c auf den vordersten Chartpositionen. Kurze Zeit sp\u00e4ter belegt die luxemburgische Version \u201eBes aand Ewigkeit\u201c wochenlang Platz 1 der Luxemburger Single-Charts. Mickie Krause nimmt 2018 eine erfolgreiche hochdeutsche Version \u201eF\u00fcr die Ewigkeit\u201c auf und erobert damit die gesamte Republik und nat\u00fcrlich die Lieblingsinsel der Deutschen.<\/p>\n<p>Mit \u201eImmer wenn ich ahn ming Heimat denk\u201c gelingt ihm f\u00fcr die R\u00e4uber im Jahr 2019 wieder ein Kassenschlager und das gesamte Rheinland singt den k\u00f6lschen Text \u201eHome is where the Dom is\u201c.<\/p>\n<p>Im Jahr 2019 wagt Torben Klein den Neuanfang und startet seine Solo-Karriere. Die Deb\u00fct-Single \u201eFr\u00fcnde f\u00fcr et Levve\u201c steigt auf Anhieb von Null auf Platz 6 in die iTunes-Charts ein. Das erste Solo-Album \u201eAllein\u201c schafft es auch direkt auf Platz 1 der iTunes-Download Charts und schafft den Sprung in die bundesweiten Album-Charts auf Platz 65. Der darauf folgende Karnevalshit \u201eL\u00e4\u00e4v\u201c belegt in der Session 2019\/2020 den 2.Platz bei der WDR4-Hitparade und gewinnt den N\u00e4rrischen Oscar in Silber beim Express in Bonn.<\/p>\n<p>2020 ver\u00f6ffentlicht Torben mit \u201eS\u00fcdstadtm\u00e4dche\u201c wieder einen starken neuen Titel und ist platziert auf der Hit-Compilation \u201eK\u00f6lsch &amp; Jot -Top Jeck 2021\u201c, die in die Top10 der bundesweiten Compilation-Charts einsteigt. Im Fr\u00fchjahr 2021 folgt der \u201eStereoact-Remix\u201c von \u201eS\u00fcdstadtm\u00e4dche\u201c und im Sommer die Cover-Version des 70er-Jahre-Kultschlager \u201eHeu in Deinen Haaren\u201c, die Torben Klein im ZDF \u201eFernsehgarten\u201c live pr\u00e4sentiert. Mit \u201eZesamme\u201c entsteht mit den Hitproduzenten Summerfield Records der neue Sessions-Titel 2021\/2022. Die k\u00f6lsche Version eines Duetts der Party-K\u00f6nige Ikke H\u00fcftgold und Lorenz B\u00fcffel erreicht bei WDR4 im \u201eJeck Duell\u201c die Top Ten.<br \/>\nZum 55. Gr\u00fcndungs-Jubil\u00e4um der Willi Ostermann-Gesellschaft ver\u00f6ffentlicht Torben Klein am Rosenmontag 2022 ein Video mit einer Hommage an Willi Ostermann: \u201eOch wat wor dat fr\u00f6her sch\u00f6n doch in Colonia\u201c. Das Album \u201eHeimweh nach K\u00f6ln\u201c war ein gro\u00dfer Verkaufsschlager und innerhalb von wenigen Wochen war die Erstauflage, sowie die dazu aufgef\u00fchrte Ostermann-Revue ausverkauft.<\/p>\n<p>Mit seiner neuen Sessions-Single \u201eWundersch\u00f6n\u201c landete er bereits im ersten Monat einen Hit. \u00dcber 600.000 Streams konnte der Song innerhalb der ersten vier Wochen verzeichnen.<\/p>\n<p>Sein Herz schl\u00e4gt f\u00fcr die Musik. Das sp\u00fcrt man direkt. Selbst in den benachbarten L\u00e4ndern, wie \u00d6sterreich, Belgien, Holland und auf der Sonneninsel Mallorca zieht er das Publikum direkt in seinen Bann.<\/p>\n<p>&nbsp;<\/p>\n<p>&nbsp;<\/p>\n","protected":false},"excerpt":{"rendered":"<p>Der Song entstand in Zusammenarbeit mit Simon Allert!<\/p>\n","protected":false},"author":2,"featured_media":248003,"comment_status":"open","ping_status":"closed","sticky":false,"template":"","format":"standard","meta":{"_FSMCFIC_featured_image_caption":"","_FSMCFIC_featured_image_nocaption":"","_FSMCFIC_featured_image_hide":""},"categories":[28],"tags":[1188],"acf":[],"_links":{"self":[{"href":"https:\/\/smago.de\/ws2\/wp-json\/wp\/v2\/posts\/248002"}],"collection":[{"href":"https:\/\/smago.de\/ws2\/wp-json\/wp\/v2\/posts"}],"about":[{"href":"https:\/\/smago.de\/ws2\/wp-json\/wp\/v2\/types\/post"}],"author":[{"embeddable":true,"href":"https:\/\/smago.de\/ws2\/wp-json\/wp\/v2\/users\/2"}],"replies":[{"embeddable":true,"href":"https:\/\/smago.de\/ws2\/wp-json\/wp\/v2\/comments?post=248002"}],"version-history":[{"count":1,"href":"https:\/\/smago.de\/ws2\/wp-json\/wp\/v2\/posts\/248002\/revisions"}],"predecessor-version":[{"id":248004,"href":"https:\/\/smago.de\/ws2\/wp-json\/wp\/v2\/posts\/248002\/revisions\/248004"}],"wp:featuredmedia":[{"embeddable":true,"href":"https:\/\/smago.de\/ws2\/wp-json\/wp\/v2\/media\/248003"}],"wp:attachment":[{"href":"https:\/\/smago.de\/ws2\/wp-json\/wp\/v2\/media?parent=248002"}],"wp:term":[{"taxonomy":"category","embeddable":true,"href":"https:\/\/smago.de\/ws2\/wp-json\/wp\/v2\/categories?post=248002"},{"taxonomy":"post_tag","embeddable":true,"href":"https:\/\/smago.de\/ws2\/wp-json\/wp\/v2\/tags?post=248002"}],"curies":[{"name":"wp","href":"https:\/\/api.w.org\/{rel}","templated":true}]}}