{"id":247995,"date":"2025-09-22T10:02:58","date_gmt":"2025-09-22T08:02:58","guid":{"rendered":"https:\/\/smago.de\/ws2\/?p=247995"},"modified":"2025-09-22T10:02:58","modified_gmt":"2025-09-22T08:02:58","slug":"stefan-raab-grandiose-woche-fuer-die-stefan-raab-show","status":"publish","type":"post","link":"https:\/\/smago.de\/ws2\/nonsens\/stefan-raab-grandiose-woche-fuer-die-stefan-raab-show\/","title":{"rendered":"STEFAN RAAB <br>Grandiose Woche f\u00fcr &#8222;Die Stefan Raab Show&#8220;!"},"content":{"rendered":"<p>RTL mit Raab Show an allen f\u00fcnf Tagen st\u00e4rkster Privatsender im Timeslot!<!--more--><\/p>\n<p>&nbsp;<\/p>\n<p>&nbsp;<\/p>\n<p>&nbsp;<\/p>\n<p style=\"text-align: justify;\">Eine Woche zum Jubeln: Insgesamt erreichte &#8222;Die Stefan Raab Show&#8220;\u00a0in der vergangenen Woche eine kumulierten Nettoreichweite (ab 3 J.) von\u00a0\u00fcber 11 Mio. Menschen. RTL konnte sich mit &#8222;Die Stefan Raab Show&#8220; im Wochenschnitt als st\u00e4rkster Privatsender im Timeslot behaupten und lag damit an allen Abenden vorn.<\/p>\n<p style=\"text-align: justify;\">Die f\u00fcnf Tage erreichten im Schnitt einen Marktanteil von guten 9,0 % (14-59 J.) und sehr starken 12,1 % (14-49 J.).<\/p>\n<p style=\"text-align: justify;\">Die volle Raab-Power gibt es mit der ersten Ausgabe von &#8222;DSRS&#8220; in regul\u00e4rer Sendel\u00e4nge, diesen Mittwoch, 24.9. um 20:15 Uhr bei RTL. Die Sendung ist bereits vorab auf RTL+ verf\u00fcgbar.<\/p>\n<p style=\"text-align: justify;\"><sup>Quelle: AGF \/ GfK \/ DAP AGF SCOPE \/ RTL DATA \/ vorl. gew. \/ Stand: 22.09.2025<\/sup><\/p>\n<p>&nbsp;<\/p>\n<p>&nbsp;<\/p>\n<figure id=\"attachment_247996\" aria-describedby=\"caption-attachment-247996\" style=\"width: 800px\" class=\"wp-caption alignnone\"><img decoding=\"async\" loading=\"lazy\" class=\"size-large wp-image-247996\" src=\"https:\/\/smago.de\/ws2\/wp-content\/uploads\/2025\/09\/C31D1-2-800x450.jpg\" alt=\"\" width=\"800\" height=\"450\" srcset=\"https:\/\/smago.de\/ws2\/wp-content\/uploads\/2025\/09\/C31D1-2-800x450.jpg 800w, https:\/\/smago.de\/ws2\/wp-content\/uploads\/2025\/09\/C31D1-2-522x294.jpg 522w, https:\/\/smago.de\/ws2\/wp-content\/uploads\/2025\/09\/C31D1-2-267x150.jpg 267w, https:\/\/smago.de\/ws2\/wp-content\/uploads\/2025\/09\/C31D1-2-768x432.jpg 768w, https:\/\/smago.de\/ws2\/wp-content\/uploads\/2025\/09\/C31D1-2-1536x864.jpg 1536w, https:\/\/smago.de\/ws2\/wp-content\/uploads\/2025\/09\/C31D1-2-2048x1152.jpg 2048w, https:\/\/smago.de\/ws2\/wp-content\/uploads\/2025\/09\/C31D1-2-392x221.jpg 392w, https:\/\/smago.de\/ws2\/wp-content\/uploads\/2025\/09\/C31D1-2-130x73.jpg 130w, https:\/\/smago.de\/ws2\/wp-content\/uploads\/2025\/09\/C31D1-2-791x445.jpg 791w, https:\/\/smago.de\/ws2\/wp-content\/uploads\/2025\/09\/C31D1-2-870x489.jpg 870w, https:\/\/smago.de\/ws2\/wp-content\/uploads\/2025\/09\/C31D1-2-292x164.jpg 292w, https:\/\/smago.de\/ws2\/wp-content\/uploads\/2025\/09\/C31D1-2-435x245.jpg 435w, https:\/\/smago.de\/ws2\/wp-content\/uploads\/2025\/09\/C31D1-2-895x503.jpg 895w\" sizes=\"(max-width: 800px) 100vw, 800px\" \/><figcaption id=\"caption-attachment-247996\" class=\"wp-caption-text\"><em>Stefan Raab<\/em><\/p>\n<p><em>Foto-Credit: RTL &#8211; Raab Entertainment \/ Willi Weber<\/em><\/p>\n<p><em>Bitte beachten Sie auch <strong><a href=\"http:\/\/www.rtlplus.de\">RTL+<\/a><\/strong>!<\/em><\/figcaption><\/figure>\n","protected":false},"excerpt":{"rendered":"<p>RTL mit Raab Show an allen f\u00fcnf Tagen st\u00e4rkster Privatsender im Timeslot!<\/p>\n","protected":false},"author":2,"featured_media":247996,"comment_status":"open","ping_status":"closed","sticky":false,"template":"","format":"standard","meta":{"_FSMCFIC_featured_image_caption":"","_FSMCFIC_featured_image_nocaption":"","_FSMCFIC_featured_image_hide":""},"categories":[23,128],"tags":[507],"acf":[],"_links":{"self":[{"href":"https:\/\/smago.de\/ws2\/wp-json\/wp\/v2\/posts\/247995"}],"collection":[{"href":"https:\/\/smago.de\/ws2\/wp-json\/wp\/v2\/posts"}],"about":[{"href":"https:\/\/smago.de\/ws2\/wp-json\/wp\/v2\/types\/post"}],"author":[{"embeddable":true,"href":"https:\/\/smago.de\/ws2\/wp-json\/wp\/v2\/users\/2"}],"replies":[{"embeddable":true,"href":"https:\/\/smago.de\/ws2\/wp-json\/wp\/v2\/comments?post=247995"}],"version-history":[{"count":1,"href":"https:\/\/smago.de\/ws2\/wp-json\/wp\/v2\/posts\/247995\/revisions"}],"predecessor-version":[{"id":247997,"href":"https:\/\/smago.de\/ws2\/wp-json\/wp\/v2\/posts\/247995\/revisions\/247997"}],"wp:featuredmedia":[{"embeddable":true,"href":"https:\/\/smago.de\/ws2\/wp-json\/wp\/v2\/media\/247996"}],"wp:attachment":[{"href":"https:\/\/smago.de\/ws2\/wp-json\/wp\/v2\/media?parent=247995"}],"wp:term":[{"taxonomy":"category","embeddable":true,"href":"https:\/\/smago.de\/ws2\/wp-json\/wp\/v2\/categories?post=247995"},{"taxonomy":"post_tag","embeddable":true,"href":"https:\/\/smago.de\/ws2\/wp-json\/wp\/v2\/tags?post=247995"}],"curies":[{"name":"wp","href":"https:\/\/api.w.org\/{rel}","templated":true}]}}